{"id":3489,"date":"2026-01-01T10:00:00","date_gmt":"2026-01-01T09:00:00","guid":{"rendered":"https:\/\/www.elementlogic.net\/de\/?p=3489"},"modified":"2026-01-08T12:49:07","modified_gmt":"2026-01-08T11:49:07","slug":"element-logic-germany-und-oesterreich-unter-neuer-leitung","status":"publish","type":"post","link":"https:\/\/www.elementlogic.net\/de\/news\/element-logic-germany-und-oesterreich-unter-neuer-leitung\/","title":{"rendered":"Element Logic Germany und \u00d6sterreich unter neuer Leitung und mit erweiterter Marktausrichtung"},"content":{"rendered":"<div class=\"wp-block-dekode-page-title\">\n\t\t\t<div class=\"dekode-page-title__container\">\n<h1 class=\"wp-block-post-title\">Element Logic Germany und \u00d6sterreich unter neuer Leitung und mit erweiterter Marktausrichtung<\/h1>\n<\/div>\n\t\t<\/div>\n\n<figure class=\"alignwide wp-block-post-featured-image\"><img loading=\"lazy\" decoding=\"async\" width=\"1920\" height=\"1080\" src=\"https:\/\/www.elementlogic.net\/content\/uploads\/sites\/17\/2026\/01\/ELO_geschaeftsfuehrung2026_header.jpg\" class=\"attachment-post-thumbnail size-post-thumbnail wp-post-image\" alt=\"\" style=\"object-fit:cover;\" srcset=\"https:\/\/www.elementlogic.net\/content\/uploads\/sites\/17\/2026\/01\/ELO_geschaeftsfuehrung2026_header.jpg 1920w, https:\/\/www.elementlogic.net\/content\/uploads\/sites\/17\/2026\/01\/ELO_geschaeftsfuehrung2026_header-300x169.jpg 300w, https:\/\/www.elementlogic.net\/content\/uploads\/sites\/17\/2026\/01\/ELO_geschaeftsfuehrung2026_header-1024x576.jpg 1024w, https:\/\/www.elementlogic.net\/content\/uploads\/sites\/17\/2026\/01\/ELO_geschaeftsfuehrung2026_header-768x432.jpg 768w, https:\/\/www.elementlogic.net\/content\/uploads\/sites\/17\/2026\/01\/ELO_geschaeftsfuehrung2026_header-1536x864.jpg 1536w\" sizes=\"(max-width: 1920px) 100vw, 1920px\" \/><\/figure>\n\n<p class=\"t2-ingress wp-block-t2-ingress\">Systemintegrator Element Logic strukturiert die Gesch\u00e4ftsf\u00fchrung und die Zielregionen seiner von Deutschland aus betriebenen Gesch\u00e4ftsfelder neu.<\/p>\n\n<div class=\"wp-block-dekode-post-date\"><span class=\"date-published\">Ver\u00f6ffentlicht <time datetime=\"2026-01-01T10:00:00+01:00\">1. Januar 2026 10:00<\/time><\/span> <\/div>\n\n\n<p>Mit Wirkung zum 01. Januar 2026 \u00fcbernimmt R\u00e9my El Abd f\u00fcr Element Logic Germany, Bad Friedrichshall, die Funktion als Vice President Germany &amp; Middle East.<\/p>\n\n\n\n<p>Manfred W. Schleicher, bislang als Gesch\u00e4ftsf\u00fchrer Element Logic Germany f\u00fcr die DACH-Region zust\u00e4ndig, \u00fcbernimmt als verantwortlicher Vice President South East Europe aus Graz in \u00d6sterreich vom 01. Januar 2026 an die F\u00fchrungsposition der neuen Subregion S\u00fcdosteuropa.<\/p>\n\n\n\n<p>\u201eR\u00e9my El Abd hat bisher mit dem Aufbau des Bereichs Professional Services in unseren Kernm\u00e4rkten \u00fcberzeugende Ergebnisse erzielt\u201c, erkl\u00e4rt Schleicher. \u201eEr f\u00fchrt klar, denkt strategisch und versteht die Prozesse der Wertsch\u00f6pfungskette. Diese Kombination st\u00e4rkt unser Gesch\u00e4ftsfeld und macht ihn zur passenden Besetzung f\u00fcr diese Position.\u201c<\/p>\n\n\n\n<p>R\u00e9my El Abd erg\u00e4nzt: \u201eIch freue mich \u00fcber das Vertrauen von Element Logic. Mein besonderer Dank gilt aber Manfred Schleicher. Er pr\u00e4gt das Logistikgesch\u00e4ft seit vielen Jahren und setzt sich konsequent f\u00fcr den Erfolg unserer Kunden ein. Unter seiner Leitung hat das Team in Deutschland eine sehr starke Basis geschaffen. Darauf baue ich auf. Gleichzeitig richte ich den Blick auf neue Chancen in der Region Middle East.\u201c<\/p>\n\n\n\n<p>Mit seiner \u00fcber 35-j\u00e4hrigen Berufserfahrung als Logistikberater und Manager in der Intralogistikbranche hat Schleicher in den vergangenen f\u00fcnf Jahren als Gesch\u00e4ftsf\u00fchrer DACH sehr erfolgreich den strategischen Auf- und Ausbau von Element Logic zu einem der f\u00fchrenden Systemintegratoren auf der europ\u00e4ischen Intralogistikb\u00fchne gepr\u00e4gt. Unter seiner Leitung hat Element Logic Germany zahlreiche Projekte in der Region \u00d6sterreich\/S\u00fcdosteuropa akquiriert, zuverl\u00e4ssig realisiert und Element Logic in den M\u00e4rkten als ma\u00dfgeblichen Player f\u00fcr effiziente Intralogistikl\u00f6sungen etabliert. In seiner neuen Rolle als Vice President South East Europe st\u00e4rkt Schleicher die Marktpr\u00e4senz und baut damit die EMEA-weiten Aktivit\u00e4ten von Element Logic weiter aus. Er berichtet an Eir Bj\u00f8rkly, CEO Element Logic EMEA.<\/p>\n\n\n\n<p>El Abd hat in den vergangenen 18 Jahren in verschiedenen F\u00fchrungspositionen bei Software- und Intralogistikunternehmen gearbeitet, unter anderem f\u00fcr die Ehrhardt + Partner Group sowie die S&amp;P Computersysteme GmbH. In den letzten sieben Jahren war er als Managing Director von S&amp;P t\u00e4tig, begleitete ab 2022 die vollst\u00e4ndige Integration in Element Logic und \u00fcbernahm die Position des Vice Presidents Professional Services f\u00fcr Element Logic. Diese Aufgabe wird interimsseitig von Joshua Smith \u00fcbernommen. Mit der neuen Rolle \u00fcbernimmt El Abd Verantwortung f\u00fcr die M\u00e4rkte Deutschland, Schweiz und Mittlerer Osten und berichtet an Eir Bj\u00f8rkly, CEO Element Logic EMEA.<\/p>\n\n\n\n<div class=\"wp-block-columns is-layout-flex wp-container-core-columns-is-layout-1 wp-block-columns-is-layout-flex\">\n<div class=\"wp-block-column is-layout-flow wp-block-column-is-layout-flow\">\n<figure class=\"wp-block-image size-large\"><img loading=\"lazy\" decoding=\"async\" width=\"1024\" height=\"776\" src=\"https:\/\/www.elementlogic.net\/content\/uploads\/sites\/17\/2025\/04\/Manfred-Schleicher_halb-1024x776.jpeg\" alt=\"\" class=\"wp-image-2845\" style=\"aspect-ratio:4\/3;object-fit:cover\" srcset=\"https:\/\/www.elementlogic.net\/content\/uploads\/sites\/17\/2025\/04\/Manfred-Schleicher_halb-1024x776.jpeg 1024w, https:\/\/www.elementlogic.net\/content\/uploads\/sites\/17\/2025\/04\/Manfred-Schleicher_halb-300x227.jpeg 300w, https:\/\/www.elementlogic.net\/content\/uploads\/sites\/17\/2025\/04\/Manfred-Schleicher_halb-768x582.jpeg 768w, https:\/\/www.elementlogic.net\/content\/uploads\/sites\/17\/2025\/04\/Manfred-Schleicher_halb-1536x1164.jpeg 1536w, https:\/\/www.elementlogic.net\/content\/uploads\/sites\/17\/2025\/04\/Manfred-Schleicher_halb-2048x1551.jpeg 2048w\" sizes=\"(max-width: 1024px) 100vw, 1024px\" \/><figcaption class=\"wp-element-caption\">Manfred W. Schleicher, Vice President South East Europe<\/figcaption><\/figure>\n<\/div>\n\n\n\n<div class=\"wp-block-column is-layout-flow wp-block-column-is-layout-flow\">\n<figure class=\"wp-block-image size-large\"><img loading=\"lazy\" decoding=\"async\" width=\"1024\" height=\"693\" src=\"https:\/\/www.elementlogic.net\/content\/uploads\/sites\/17\/2026\/01\/remy-el-abd.JPG-1024x693.jpg\" alt=\"\" class=\"wp-image-3490\" style=\"aspect-ratio:4\/3;object-fit:cover\" srcset=\"https:\/\/www.elementlogic.net\/content\/uploads\/sites\/17\/2026\/01\/remy-el-abd.JPG-1024x693.jpg 1024w, https:\/\/www.elementlogic.net\/content\/uploads\/sites\/17\/2026\/01\/remy-el-abd.JPG-300x203.jpg 300w, https:\/\/www.elementlogic.net\/content\/uploads\/sites\/17\/2026\/01\/remy-el-abd.JPG-768x520.jpg 768w, https:\/\/www.elementlogic.net\/content\/uploads\/sites\/17\/2026\/01\/remy-el-abd.JPG.jpg 1050w\" sizes=\"(max-width: 1024px) 100vw, 1024px\" \/><figcaption class=\"wp-element-caption\">R\u00e9my El Abd, Vice President Germany &amp; Middle East<\/figcaption><\/figure>\n<\/div>\n<\/div>\n\n\n\n\t\t<div class=\"wp-block-dekode-simple-cta\">\n\t\t\t<div class=\"dekode-simple-cta__inner\">\n\n<h3 class=\"wp-block-heading\" id=\"mochten-sie-mehr-daruber-erfahren-wie-element-logic-die-leistung-ihres-lagers-optimieren-kann\">M\u00f6chten Sie mehr dar\u00fcber erfahren, wie Element Logic die Leistung Ihres Lagers optimieren kann?<\/h3>\n\n\n\n<div class=\"wp-block-buttons is-layout-flex wp-block-buttons-is-layout-flex\">\n<div class=\"wp-block-button has-icon has-icon-theme_arrow\"><a class=\"wp-block-button__link wp-element-button\" href=\"https:\/\/www.elementlogic.net\/de\/kontaktieren-sie-uns\/\">Kontaktieren Sie uns<svg xmlns=\"http:\/\/www.w3.org\/2000\/svg\" viewBox=\"0 0 24 24\" height=\"24\" width=\"24\" class=\"t2-icon t2-icon-theme_arrow\" aria-hidden=\"true\" focusable=\"false\"><path d=\"M16.627 12.75H5.25C5.03717 12.75 4.859 12.6782 4.7155 12.5345C4.57183 12.391 4.5 12.2128 4.5 12C4.5 11.7872 4.57183 11.609 4.7155 11.4655C4.859 11.3218 5.03717 11.25 5.25 11.25H16.627L11.4577 6.08076C11.3091 5.93209 11.2357 5.75809 11.2375 5.55876C11.2395 5.35942 11.318 5.18217 11.473 5.02701C11.6282 4.88217 11.8038 4.80717 12 4.80201C12.1962 4.79684 12.3718 4.87184 12.527 5.02701L18.8673 11.3673C18.9609 11.4609 19.0269 11.5597 19.0652 11.6635C19.1037 11.7673 19.123 11.8795 19.123 12C19.123 12.1205 19.1037 12.2327 19.0652 12.3365C19.0269 12.4403 18.9609 12.5391 18.8673 12.6328L12.527 18.973C12.3885 19.1115 12.217 19.1823 12.0125 19.1855C11.808 19.1887 11.6282 19.1178 11.473 18.973C11.318 18.8178 11.2405 18.6397 11.2405 18.4385C11.2405 18.2372 11.318 18.0589 11.473 17.9038L16.627 12.75Z\" fill=\"var(--t2-icon-fill, #000)\"\/><\/svg><\/a><\/div>\n<\/div>\n\n<\/div>\n\t\t<\/div>","protected":false},"excerpt":{"rendered":"<p>Systemintegrator Element Logic strukturiert die Gesch\u00e4ftsf\u00fchrung und die Zielregionen seiner von Deutschland aus betriebenen Gesch\u00e4ftsfelder neu.<\/p>\n","protected":false},"author":26,"featured_media":3501,"comment_status":"closed","ping_status":"closed","sticky":false,"template":"","format":"standard","meta":{"hreflang_relation":0,"_el_cross_publish_source_blog_url":"","_el_cross_publish_source_blog_id":0,"_el_cross_publish_source_post_id":0,"_el_cross_publish_sync_state":"","exclude_from_search":false,"footnotes":""},"categories":[1],"tags":[],"class_list":["post-3489","post","type-post","status-publish","format-standard","has-post-thumbnail","hentry","category-uncategorized"],"yoast_head":"<!-- This site is optimized with the Yoast SEO Premium plugin v23.9 (Yoast SEO v23.9) - https:\/\/yoast.com\/wordpress\/plugins\/seo\/ -->\n<title>Element Logic Germany und \u00d6sterreich unter neuer Leitung und mit erweiterter Marktausrichtung<\/title>\n<meta name=\"description\" content=\"Systemintegrator Element Logic strukturiert die Gesch\u00e4ftsf\u00fchrung und die Zielregionen seiner von Deutschland aus betriebenen Gesch\u00e4ftsfelder neu.\" \/>\n<meta name=\"robots\" content=\"index, follow, max-snippet:-1, max-image-preview:large, max-video-preview:-1\" \/>\n<link rel=\"canonical\" href=\"https:\/\/www.elementlogic.net\/de\/news\/element-logic-germany-und-oesterreich-unter-neuer-leitung\/\" \/>\n<meta property=\"og:locale\" content=\"de_DE\" \/>\n<meta property=\"og:type\" content=\"article\" \/>\n<meta property=\"og:title\" content=\"Element Logic Germany und \u00d6sterreich unter neuer Leitung und mit erweiterter Marktausrichtung\" \/>\n<meta property=\"og:description\" content=\"Systemintegrator Element Logic strukturiert die Gesch\u00e4ftsf\u00fchrung und die Zielregionen seiner von Deutschland aus betriebenen Gesch\u00e4ftsfelder neu.\" \/>\n<meta property=\"og:url\" content=\"https:\/\/www.elementlogic.net\/de\/news\/element-logic-germany-und-oesterreich-unter-neuer-leitung\/\" \/>\n<meta property=\"og:site_name\" content=\"Element Logic Deutschland\" \/>\n<meta property=\"article:published_time\" content=\"2026-01-01T09:00:00+00:00\" \/>\n<meta property=\"article:modified_time\" content=\"2026-01-08T11:49:07+00:00\" \/>\n<meta property=\"og:image\" content=\"https:\/\/www.elementlogic.net\/content\/uploads\/sites\/17\/2026\/01\/ELO_geschaeftsfuehrung2026_header.jpg\" \/>\n\t<meta property=\"og:image:width\" content=\"1920\" \/>\n\t<meta property=\"og:image:height\" content=\"1080\" \/>\n\t<meta property=\"og:image:type\" content=\"image\/jpeg\" \/>\n<meta name=\"author\" content=\"OAOA\" \/>\n<meta name=\"twitter:card\" content=\"summary_large_image\" \/>\n<meta name=\"twitter:label1\" content=\"Verfasst von\" \/>\n\t<meta name=\"twitter:data1\" content=\"OAOA\" \/>\n\t<meta name=\"twitter:label2\" content=\"Gesch\u00e4tzte Lesezeit\" \/>\n\t<meta name=\"twitter:data2\" content=\"3\u00a0Minuten\" \/>\n<script type=\"application\/ld+json\" class=\"yoast-schema-graph\">{\"@context\":\"https:\/\/schema.org\",\"@graph\":[{\"@type\":\"WebPage\",\"@id\":\"https:\/\/www.elementlogic.net\/de\/news\/element-logic-germany-und-oesterreich-unter-neuer-leitung\/\",\"url\":\"https:\/\/www.elementlogic.net\/de\/news\/element-logic-germany-und-oesterreich-unter-neuer-leitung\/\",\"name\":\"Element Logic Germany und \u00d6sterreich unter neuer Leitung und mit erweiterter Marktausrichtung\",\"isPartOf\":{\"@id\":\"https:\/\/www.elementlogic.net\/de\/#website\"},\"primaryImageOfPage\":{\"@id\":\"https:\/\/www.elementlogic.net\/de\/news\/element-logic-germany-und-oesterreich-unter-neuer-leitung\/#primaryimage\"},\"image\":{\"@id\":\"https:\/\/www.elementlogic.net\/de\/news\/element-logic-germany-und-oesterreich-unter-neuer-leitung\/#primaryimage\"},\"thumbnailUrl\":\"https:\/\/www.elementlogic.net\/content\/uploads\/sites\/17\/2026\/01\/ELO_geschaeftsfuehrung2026_header.jpg\",\"datePublished\":\"2026-01-01T09:00:00+00:00\",\"dateModified\":\"2026-01-08T11:49:07+00:00\",\"author\":{\"@id\":\"https:\/\/www.elementlogic.net\/de\/#\/schema\/person\/51bc863b96550db214ae3705fec1903f\"},\"description\":\"Systemintegrator Element Logic strukturiert die Gesch\u00e4ftsf\u00fchrung und die Zielregionen seiner von Deutschland aus betriebenen Gesch\u00e4ftsfelder neu.\",\"inLanguage\":\"de\",\"potentialAction\":[{\"@type\":\"ReadAction\",\"target\":[\"https:\/\/www.elementlogic.net\/de\/news\/element-logic-germany-und-oesterreich-unter-neuer-leitung\/\"]}]},{\"@type\":\"ImageObject\",\"inLanguage\":\"de\",\"@id\":\"https:\/\/www.elementlogic.net\/de\/news\/element-logic-germany-und-oesterreich-unter-neuer-leitung\/#primaryimage\",\"url\":\"https:\/\/www.elementlogic.net\/content\/uploads\/sites\/17\/2026\/01\/ELO_geschaeftsfuehrung2026_header.jpg\",\"contentUrl\":\"https:\/\/www.elementlogic.net\/content\/uploads\/sites\/17\/2026\/01\/ELO_geschaeftsfuehrung2026_header.jpg\",\"width\":1920,\"height\":1080},{\"@type\":\"WebSite\",\"@id\":\"https:\/\/www.elementlogic.net\/de\/#website\",\"url\":\"https:\/\/www.elementlogic.net\/de\/\",\"name\":\"Element Logic Deutschland\",\"description\":\"Optimizing Warehouse Performance\",\"potentialAction\":[{\"@type\":\"SearchAction\",\"target\":{\"@type\":\"EntryPoint\",\"urlTemplate\":\"https:\/\/www.elementlogic.net\/de\/?s={search_term_string}\"},\"query-input\":{\"@type\":\"PropertyValueSpecification\",\"valueRequired\":true,\"valueName\":\"search_term_string\"}}],\"inLanguage\":\"de\"},{\"@type\":\"Person\",\"@id\":\"https:\/\/www.elementlogic.net\/de\/#\/schema\/person\/51bc863b96550db214ae3705fec1903f\",\"name\":\"OAOA\",\"image\":{\"@type\":\"ImageObject\",\"inLanguage\":\"de\",\"@id\":\"https:\/\/www.elementlogic.net\/de\/#\/schema\/person\/image\/\",\"url\":\"https:\/\/secure.gravatar.com\/avatar\/4a553b9f5bf37f52456593315613358e?s=96&d=mm&r=g\",\"contentUrl\":\"https:\/\/secure.gravatar.com\/avatar\/4a553b9f5bf37f52456593315613358e?s=96&d=mm&r=g\",\"caption\":\"OAOA\"},\"url\":\"https:\/\/www.elementlogic.net\/de\/news\/author\/oaoa\/\"}]}<\/script>\n<!-- \/ Yoast SEO Premium plugin. -->","yoast_head_json":{"title":"Element Logic Germany und \u00d6sterreich unter neuer Leitung und mit erweiterter Marktausrichtung","description":"Systemintegrator Element Logic strukturiert die Gesch\u00e4ftsf\u00fchrung und die Zielregionen seiner von Deutschland aus betriebenen Gesch\u00e4ftsfelder neu.","robots":{"index":"index","follow":"follow","max-snippet":"max-snippet:-1","max-image-preview":"max-image-preview:large","max-video-preview":"max-video-preview:-1"},"canonical":"https:\/\/www.elementlogic.net\/de\/news\/element-logic-germany-und-oesterreich-unter-neuer-leitung\/","og_locale":"de_DE","og_type":"article","og_title":"Element Logic Germany und \u00d6sterreich unter neuer Leitung und mit erweiterter Marktausrichtung","og_description":"Systemintegrator Element Logic strukturiert die Gesch\u00e4ftsf\u00fchrung und die Zielregionen seiner von Deutschland aus betriebenen Gesch\u00e4ftsfelder neu.","og_url":"https:\/\/www.elementlogic.net\/de\/news\/element-logic-germany-und-oesterreich-unter-neuer-leitung\/","og_site_name":"Element Logic Deutschland","article_published_time":"2026-01-01T09:00:00+00:00","article_modified_time":"2026-01-08T11:49:07+00:00","og_image":[{"width":1920,"height":1080,"url":"https:\/\/www.elementlogic.net\/content\/uploads\/sites\/17\/2026\/01\/ELO_geschaeftsfuehrung2026_header.jpg","type":"image\/jpeg"}],"author":"OAOA","twitter_card":"summary_large_image","twitter_misc":{"Verfasst von":"OAOA","Gesch\u00e4tzte Lesezeit":"3\u00a0Minuten"},"schema":{"@context":"https:\/\/schema.org","@graph":[{"@type":"WebPage","@id":"https:\/\/www.elementlogic.net\/de\/news\/element-logic-germany-und-oesterreich-unter-neuer-leitung\/","url":"https:\/\/www.elementlogic.net\/de\/news\/element-logic-germany-und-oesterreich-unter-neuer-leitung\/","name":"Element Logic Germany und \u00d6sterreich unter neuer Leitung und mit erweiterter Marktausrichtung","isPartOf":{"@id":"https:\/\/www.elementlogic.net\/de\/#website"},"primaryImageOfPage":{"@id":"https:\/\/www.elementlogic.net\/de\/news\/element-logic-germany-und-oesterreich-unter-neuer-leitung\/#primaryimage"},"image":{"@id":"https:\/\/www.elementlogic.net\/de\/news\/element-logic-germany-und-oesterreich-unter-neuer-leitung\/#primaryimage"},"thumbnailUrl":"https:\/\/www.elementlogic.net\/content\/uploads\/sites\/17\/2026\/01\/ELO_geschaeftsfuehrung2026_header.jpg","datePublished":"2026-01-01T09:00:00+00:00","dateModified":"2026-01-08T11:49:07+00:00","author":{"@id":"https:\/\/www.elementlogic.net\/de\/#\/schema\/person\/51bc863b96550db214ae3705fec1903f"},"description":"Systemintegrator Element Logic strukturiert die Gesch\u00e4ftsf\u00fchrung und die Zielregionen seiner von Deutschland aus betriebenen Gesch\u00e4ftsfelder neu.","inLanguage":"de","potentialAction":[{"@type":"ReadAction","target":["https:\/\/www.elementlogic.net\/de\/news\/element-logic-germany-und-oesterreich-unter-neuer-leitung\/"]}]},{"@type":"ImageObject","inLanguage":"de","@id":"https:\/\/www.elementlogic.net\/de\/news\/element-logic-germany-und-oesterreich-unter-neuer-leitung\/#primaryimage","url":"https:\/\/www.elementlogic.net\/content\/uploads\/sites\/17\/2026\/01\/ELO_geschaeftsfuehrung2026_header.jpg","contentUrl":"https:\/\/www.elementlogic.net\/content\/uploads\/sites\/17\/2026\/01\/ELO_geschaeftsfuehrung2026_header.jpg","width":1920,"height":1080},{"@type":"WebSite","@id":"https:\/\/www.elementlogic.net\/de\/#website","url":"https:\/\/www.elementlogic.net\/de\/","name":"Element Logic Deutschland","description":"Optimizing Warehouse Performance","potentialAction":[{"@type":"SearchAction","target":{"@type":"EntryPoint","urlTemplate":"https:\/\/www.elementlogic.net\/de\/?s={search_term_string}"},"query-input":{"@type":"PropertyValueSpecification","valueRequired":true,"valueName":"search_term_string"}}],"inLanguage":"de"},{"@type":"Person","@id":"https:\/\/www.elementlogic.net\/de\/#\/schema\/person\/51bc863b96550db214ae3705fec1903f","name":"OAOA","image":{"@type":"ImageObject","inLanguage":"de","@id":"https:\/\/www.elementlogic.net\/de\/#\/schema\/person\/image\/","url":"https:\/\/secure.gravatar.com\/avatar\/4a553b9f5bf37f52456593315613358e?s=96&d=mm&r=g","contentUrl":"https:\/\/secure.gravatar.com\/avatar\/4a553b9f5bf37f52456593315613358e?s=96&d=mm&r=g","caption":"OAOA"},"url":"https:\/\/www.elementlogic.net\/de\/news\/author\/oaoa\/"}]}},"_links":{"self":[{"href":"https:\/\/www.elementlogic.net\/de\/wp-json\/wp\/v2\/posts\/3489"}],"collection":[{"href":"https:\/\/www.elementlogic.net\/de\/wp-json\/wp\/v2\/posts"}],"about":[{"href":"https:\/\/www.elementlogic.net\/de\/wp-json\/wp\/v2\/types\/post"}],"author":[{"embeddable":true,"href":"https:\/\/www.elementlogic.net\/de\/wp-json\/wp\/v2\/users\/26"}],"replies":[{"embeddable":true,"href":"https:\/\/www.elementlogic.net\/de\/wp-json\/wp\/v2\/comments?post=3489"}],"version-history":[{"count":2,"href":"https:\/\/www.elementlogic.net\/de\/wp-json\/wp\/v2\/posts\/3489\/revisions"}],"predecessor-version":[{"id":3492,"href":"https:\/\/www.elementlogic.net\/de\/wp-json\/wp\/v2\/posts\/3489\/revisions\/3492"}],"wp:featuredmedia":[{"embeddable":true,"href":"https:\/\/www.elementlogic.net\/de\/wp-json\/wp\/v2\/media\/3501"}],"wp:attachment":[{"href":"https:\/\/www.elementlogic.net\/de\/wp-json\/wp\/v2\/media?parent=3489"}],"wp:term":[{"taxonomy":"category","embeddable":true,"href":"https:\/\/www.elementlogic.net\/de\/wp-json\/wp\/v2\/categories?post=3489"},{"taxonomy":"post_tag","embeddable":true,"href":"https:\/\/www.elementlogic.net\/de\/wp-json\/wp\/v2\/tags?post=3489"}],"curies":[{"name":"wp","href":"https:\/\/api.w.org\/{rel}","templated":true}]}}