{"id":3764,"date":"2026-05-01T08:00:00","date_gmt":"2026-05-01T06:00:00","guid":{"rendered":"https:\/\/www.elementlogic.net\/de\/?p=3764"},"modified":"2026-04-29T11:11:28","modified_gmt":"2026-04-29T09:11:28","slug":"element-logic-ernennt-carola-wagner-zur-vice-president-professional-services","status":"publish","type":"post","link":"https:\/\/www.elementlogic.net\/de\/news\/element-logic-ernennt-carola-wagner-zur-vice-president-professional-services\/","title":{"rendered":"Element Logic ernennt Carola Wagner zur Vice President Professional Services"},"content":{"rendered":"<div class=\"wp-block-dekode-page-title\">\n\t\t\t<div class=\"dekode-page-title__container\">\n<h1 class=\"wp-block-post-title\">Element Logic ernennt Carola Wagner zur Vice President Professional Services<\/h1>\n<\/div>\n\t\t<\/div>\n\n<figure class=\"alignwide wp-block-post-featured-image\"><img loading=\"lazy\" decoding=\"async\" width=\"1920\" height=\"800\" src=\"https:\/\/www.elementlogic.net\/content\/uploads\/sites\/17\/2026\/05\/20260429_VicePresidentProfessionalServices.jpg\" class=\"attachment-post-thumbnail size-post-thumbnail wp-post-image\" alt=\"\" style=\"object-fit:cover;\" srcset=\"https:\/\/www.elementlogic.net\/content\/uploads\/sites\/17\/2026\/05\/20260429_VicePresidentProfessionalServices.jpg 1920w, https:\/\/www.elementlogic.net\/content\/uploads\/sites\/17\/2026\/05\/20260429_VicePresidentProfessionalServices-300x125.jpg 300w, https:\/\/www.elementlogic.net\/content\/uploads\/sites\/17\/2026\/05\/20260429_VicePresidentProfessionalServices-1024x427.jpg 1024w, https:\/\/www.elementlogic.net\/content\/uploads\/sites\/17\/2026\/05\/20260429_VicePresidentProfessionalServices-768x320.jpg 768w, https:\/\/www.elementlogic.net\/content\/uploads\/sites\/17\/2026\/05\/20260429_VicePresidentProfessionalServices-1536x640.jpg 1536w\" sizes=\"(max-width: 1920px) 100vw, 1920px\" \/><\/figure>\n\n<p class=\"t2-ingress wp-block-t2-ingress\">St\u00e4rkung der F\u00fchrungsposition zur Unterst\u00fctzung des globalen Wachstums und des Kundenerfolgs<\/p>\n\n<div class=\"wp-block-dekode-post-date\"><span class=\"date-published\">Ver\u00f6ffentlicht <time datetime=\"2026-05-01T08:00:00+02:00\">1. Mai 2026 08:00<\/time><\/span> <\/div>\n\n<div class=\"wp-block-image-wrapper\">\n<figure class=\"wp-block-image alignleft size-large is-resized\"><img loading=\"lazy\" decoding=\"async\" width=\"804\" height=\"1024\" src=\"https:\/\/www.elementlogic.net\/content\/uploads\/sites\/17\/2026\/05\/Carola-Wagner-804x1024.jpeg\" alt=\"\" class=\"wp-image-3766\" style=\"width:319px;height:auto\" srcset=\"https:\/\/www.elementlogic.net\/content\/uploads\/sites\/17\/2026\/05\/Carola-Wagner-804x1024.jpeg 804w, https:\/\/www.elementlogic.net\/content\/uploads\/sites\/17\/2026\/05\/Carola-Wagner-236x300.jpeg 236w, https:\/\/www.elementlogic.net\/content\/uploads\/sites\/17\/2026\/05\/Carola-Wagner-768x978.jpeg 768w, https:\/\/www.elementlogic.net\/content\/uploads\/sites\/17\/2026\/05\/Carola-Wagner-1206x1536.jpeg 1206w, https:\/\/www.elementlogic.net\/content\/uploads\/sites\/17\/2026\/05\/Carola-Wagner-1608x2048.jpeg 1608w, https:\/\/www.elementlogic.net\/content\/uploads\/sites\/17\/2026\/05\/Carola-Wagner-scaled.jpeg 2010w\" sizes=\"(max-width: 804px) 100vw, 804px\" \/><\/figure>\n<\/div>\n\n\n<p>Element Logic hat Carola Wagner zur Vizepr\u00e4sidentin f\u00fcr Professional Services ernannt und st\u00e4rkt damit die F\u00fchrungsposition des Unternehmens, w\u00e4hrend es seine weltweiten Kompetenzen im Bereich der Lagerautomatisierung weiter ausbaut.<\/p>\n\n\n\n<p>Wagner wird ihre neue Position am 1. Mai 2026 antreten und vom Element Logic-B\u00fcro in Leinfelden-Echterdingen bei Stuttgart aus t\u00e4tig sein. In ihrer neuen Funktion wird sie die Professional Services-Organisation des Unternehmens leiten und die Kompetenzen weiterentwickeln, die erforderlich sind, um Kunden w\u00e4hrend des gesamten Lebenszyklus ihrer Automatisierungsl\u00f6sungen zu unterst\u00fctzen.<\/p>\n\n\n\n<p>Da die Lagerautomatisierung f\u00fcr die betriebliche Effizienz und Wettbewerbsf\u00e4higkeit immer wichtiger wird, spielen Professional Services eine zentrale Rolle dabei, Kunden bei der erfolgreichen Implementierung, Integration und Optimierung fortschrittlicher Technologien zu unterst\u00fctzen. Die St\u00e4rkung dieser Funktion ist daher eine wichtige Priorit\u00e4t f\u00fcr Element Logic, das sein internationales Wachstum fortsetzt.<\/p>\n\n\n\n<p>\u201eCarola Wagner bringt eine einzigartige Kombination aus strategischem Verst\u00e4ndnis, technischem Fachwissen und internationaler F\u00fchrungserfahrung mit\u201c, sagt Christian Rognes, Group Chief Product Officer bei Element Logic. \u201eIhre Ernennung st\u00e4rkt unsere F\u00e4higkeit, unseren Kunden hochwertige Dienstleistungen anzubieten und unsere Aktivit\u00e4ten weltweit auszubauen.\u201c<\/p>\n\n\n\n<p>Wagner hat einen Master-Abschluss in Wirtschaftsingenieurwesen der Technischen Universit\u00e4t Graz in \u00d6sterreich und einen MBA der INSEAD. Sie kommt von McKinsey &amp; Company zu Element Logic, wo sie wichtige Gesch\u00e4ftsbereiche mit Schwerpunkt auf k\u00fcnstlicher Intelligenz und Supply-Chain-Dienstleistungen leitete.<\/p>\n\n\n\n<p>In den letzten zehn Jahren war Wagner in Singapur t\u00e4tig, wo sie globale F\u00fchrungserfahrung sammelte und Unternehmen bei gro\u00df angelegten Transformations- und Innovationsinitiativen unterst\u00fctzte. Ihr Hintergrund umfasst Technologie, Supply-Chain-Strategie und operative Verbesserungen in internationalen M\u00e4rkten.<\/p>\n\n\n\n<p>Die Mission von Element Logic ist es, die Rentabilit\u00e4t seiner Kunden durch die Optimierung der Lagerleistung zu steigern, indem innovative Automatisierungstechnologie mit fundiertem operativem Fachwissen kombiniert wird. Das Unternehmen hat sich einen guten Ruf als zuverl\u00e4ssiger Partner f\u00fcr Unternehmen erarbeitet, die die Effizienz, Skalierbarkeit und Leistung ihrer Lagerabl\u00e4ufe steigern m\u00f6chten.<\/p>\n\n\n\n<p>Die Ernennung spiegelt das kontinuierliche Engagement von Element Logic wider, ein leistungsstarkes Unternehmen aufzubauen, das fortschrittliche Technologie mit starker F\u00fchrung und Fachkompetenz verbindet. Die Unternehmenskultur basiert auf den Werten Mut, Leidenschaft und Zuverl\u00e4ssigkeit und leitet das Bestreben, die Lagerhaltung weltweit zu revolutionieren. Mit der Aufnahme von Wagner in das Produktmanagement-Team st\u00e4rkt Element Logic seine F\u00e4higkeit, Kunden weltweit zu unterst\u00fctzen und als End-to-End-L\u00f6sungspartner L\u00f6sungen anzubieten, die die Lagerleistung maximieren.<\/p>\n","protected":false},"excerpt":{"rendered":"<p>Element Logic hat Carola Wagner zur Vizepr\u00e4sidentin f\u00fcr Professional Services ernannt und st\u00e4rkt damit die F\u00fchrungsposition des Unternehmens, w\u00e4hrend es [&hellip;]<\/p>\n","protected":false},"author":26,"featured_media":3771,"comment_status":"closed","ping_status":"closed","sticky":false,"template":"","format":"standard","meta":{"hreflang_relation":0,"_el_cross_publish_source_blog_url":"","_el_cross_publish_source_blog_id":0,"_el_cross_publish_source_post_id":0,"_el_cross_publish_sync_state":"","exclude_from_search":false,"footnotes":""},"categories":[1],"tags":[],"class_list":["post-3764","post","type-post","status-publish","format-standard","has-post-thumbnail","hentry","category-uncategorized"],"yoast_head":"<!-- This site is optimized with the Yoast SEO Premium plugin v23.9 (Yoast SEO v23.9) - https:\/\/yoast.com\/wordpress\/plugins\/seo\/ -->\n<title>Element Logic ernennt Carola Wagner zur Vice President Professional Services - Element Logic Deutschland<\/title>\n<meta name=\"robots\" content=\"index, follow, max-snippet:-1, max-image-preview:large, max-video-preview:-1\" \/>\n<link rel=\"canonical\" href=\"https:\/\/www.elementlogic.net\/de\/news\/element-logic-ernennt-carola-wagner-zur-vice-president-professional-services\/\" \/>\n<meta property=\"og:locale\" content=\"de_DE\" \/>\n<meta property=\"og:type\" content=\"article\" \/>\n<meta property=\"og:title\" content=\"Element Logic ernennt Carola Wagner zur Vice President Professional Services\" \/>\n<meta property=\"og:description\" content=\"Element Logic hat Carola Wagner zur Vizepr\u00e4sidentin f\u00fcr Professional Services ernannt und st\u00e4rkt damit die F\u00fchrungsposition des Unternehmens, w\u00e4hrend es [&hellip;]\" \/>\n<meta property=\"og:url\" content=\"https:\/\/www.elementlogic.net\/de\/news\/element-logic-ernennt-carola-wagner-zur-vice-president-professional-services\/\" \/>\n<meta property=\"og:site_name\" content=\"Element Logic Deutschland\" \/>\n<meta property=\"article:published_time\" content=\"2026-05-01T06:00:00+00:00\" \/>\n<meta property=\"article:modified_time\" content=\"2026-04-29T09:11:28+00:00\" \/>\n<meta property=\"og:image\" content=\"https:\/\/www.elementlogic.net\/content\/uploads\/sites\/17\/2026\/05\/20260429_VicePresidentProfessionalServices.jpg\" \/>\n\t<meta property=\"og:image:width\" content=\"1920\" \/>\n\t<meta property=\"og:image:height\" content=\"800\" \/>\n\t<meta property=\"og:image:type\" content=\"image\/jpeg\" \/>\n<meta name=\"author\" content=\"OAOA\" \/>\n<meta name=\"twitter:card\" content=\"summary_large_image\" \/>\n<meta name=\"twitter:label1\" content=\"Verfasst von\" \/>\n\t<meta name=\"twitter:data1\" content=\"OAOA\" \/>\n\t<meta name=\"twitter:label2\" content=\"Gesch\u00e4tzte Lesezeit\" \/>\n\t<meta name=\"twitter:data2\" content=\"3\u00a0Minuten\" \/>\n<script type=\"application\/ld+json\" class=\"yoast-schema-graph\">{\"@context\":\"https:\/\/schema.org\",\"@graph\":[{\"@type\":\"WebPage\",\"@id\":\"https:\/\/www.elementlogic.net\/de\/news\/element-logic-ernennt-carola-wagner-zur-vice-president-professional-services\/\",\"url\":\"https:\/\/www.elementlogic.net\/de\/news\/element-logic-ernennt-carola-wagner-zur-vice-president-professional-services\/\",\"name\":\"Element Logic ernennt Carola Wagner zur Vice President Professional Services - Element Logic Deutschland\",\"isPartOf\":{\"@id\":\"https:\/\/www.elementlogic.net\/de\/#website\"},\"primaryImageOfPage\":{\"@id\":\"https:\/\/www.elementlogic.net\/de\/news\/element-logic-ernennt-carola-wagner-zur-vice-president-professional-services\/#primaryimage\"},\"image\":{\"@id\":\"https:\/\/www.elementlogic.net\/de\/news\/element-logic-ernennt-carola-wagner-zur-vice-president-professional-services\/#primaryimage\"},\"thumbnailUrl\":\"https:\/\/www.elementlogic.net\/content\/uploads\/sites\/17\/2026\/05\/20260429_VicePresidentProfessionalServices.jpg\",\"datePublished\":\"2026-05-01T06:00:00+00:00\",\"dateModified\":\"2026-04-29T09:11:28+00:00\",\"author\":{\"@id\":\"https:\/\/www.elementlogic.net\/de\/#\/schema\/person\/51bc863b96550db214ae3705fec1903f\"},\"inLanguage\":\"de\",\"potentialAction\":[{\"@type\":\"ReadAction\",\"target\":[\"https:\/\/www.elementlogic.net\/de\/news\/element-logic-ernennt-carola-wagner-zur-vice-president-professional-services\/\"]}]},{\"@type\":\"ImageObject\",\"inLanguage\":\"de\",\"@id\":\"https:\/\/www.elementlogic.net\/de\/news\/element-logic-ernennt-carola-wagner-zur-vice-president-professional-services\/#primaryimage\",\"url\":\"https:\/\/www.elementlogic.net\/content\/uploads\/sites\/17\/2026\/05\/20260429_VicePresidentProfessionalServices.jpg\",\"contentUrl\":\"https:\/\/www.elementlogic.net\/content\/uploads\/sites\/17\/2026\/05\/20260429_VicePresidentProfessionalServices.jpg\",\"width\":1920,\"height\":800},{\"@type\":\"WebSite\",\"@id\":\"https:\/\/www.elementlogic.net\/de\/#website\",\"url\":\"https:\/\/www.elementlogic.net\/de\/\",\"name\":\"Element Logic Deutschland\",\"description\":\"Optimizing Warehouse Performance\",\"potentialAction\":[{\"@type\":\"SearchAction\",\"target\":{\"@type\":\"EntryPoint\",\"urlTemplate\":\"https:\/\/www.elementlogic.net\/de\/?s={search_term_string}\"},\"query-input\":{\"@type\":\"PropertyValueSpecification\",\"valueRequired\":true,\"valueName\":\"search_term_string\"}}],\"inLanguage\":\"de\"},{\"@type\":\"Person\",\"@id\":\"https:\/\/www.elementlogic.net\/de\/#\/schema\/person\/51bc863b96550db214ae3705fec1903f\",\"name\":\"OAOA\",\"image\":{\"@type\":\"ImageObject\",\"inLanguage\":\"de\",\"@id\":\"https:\/\/www.elementlogic.net\/de\/#\/schema\/person\/image\/\",\"url\":\"https:\/\/secure.gravatar.com\/avatar\/4a553b9f5bf37f52456593315613358e?s=96&d=mm&r=g\",\"contentUrl\":\"https:\/\/secure.gravatar.com\/avatar\/4a553b9f5bf37f52456593315613358e?s=96&d=mm&r=g\",\"caption\":\"OAOA\"},\"url\":\"https:\/\/www.elementlogic.net\/de\/news\/author\/oaoa\/\"}]}<\/script>\n<!-- \/ Yoast SEO Premium plugin. -->","yoast_head_json":{"title":"Element Logic ernennt Carola Wagner zur Vice President Professional Services - Element Logic Deutschland","robots":{"index":"index","follow":"follow","max-snippet":"max-snippet:-1","max-image-preview":"max-image-preview:large","max-video-preview":"max-video-preview:-1"},"canonical":"https:\/\/www.elementlogic.net\/de\/news\/element-logic-ernennt-carola-wagner-zur-vice-president-professional-services\/","og_locale":"de_DE","og_type":"article","og_title":"Element Logic ernennt Carola Wagner zur Vice President Professional Services","og_description":"Element Logic hat Carola Wagner zur Vizepr\u00e4sidentin f\u00fcr Professional Services ernannt und st\u00e4rkt damit die F\u00fchrungsposition des Unternehmens, w\u00e4hrend es [&hellip;]","og_url":"https:\/\/www.elementlogic.net\/de\/news\/element-logic-ernennt-carola-wagner-zur-vice-president-professional-services\/","og_site_name":"Element Logic Deutschland","article_published_time":"2026-05-01T06:00:00+00:00","article_modified_time":"2026-04-29T09:11:28+00:00","og_image":[{"width":1920,"height":800,"url":"https:\/\/www.elementlogic.net\/content\/uploads\/sites\/17\/2026\/05\/20260429_VicePresidentProfessionalServices.jpg","type":"image\/jpeg"}],"author":"OAOA","twitter_card":"summary_large_image","twitter_misc":{"Verfasst von":"OAOA","Gesch\u00e4tzte Lesezeit":"3\u00a0Minuten"},"schema":{"@context":"https:\/\/schema.org","@graph":[{"@type":"WebPage","@id":"https:\/\/www.elementlogic.net\/de\/news\/element-logic-ernennt-carola-wagner-zur-vice-president-professional-services\/","url":"https:\/\/www.elementlogic.net\/de\/news\/element-logic-ernennt-carola-wagner-zur-vice-president-professional-services\/","name":"Element Logic ernennt Carola Wagner zur Vice President Professional Services - Element Logic Deutschland","isPartOf":{"@id":"https:\/\/www.elementlogic.net\/de\/#website"},"primaryImageOfPage":{"@id":"https:\/\/www.elementlogic.net\/de\/news\/element-logic-ernennt-carola-wagner-zur-vice-president-professional-services\/#primaryimage"},"image":{"@id":"https:\/\/www.elementlogic.net\/de\/news\/element-logic-ernennt-carola-wagner-zur-vice-president-professional-services\/#primaryimage"},"thumbnailUrl":"https:\/\/www.elementlogic.net\/content\/uploads\/sites\/17\/2026\/05\/20260429_VicePresidentProfessionalServices.jpg","datePublished":"2026-05-01T06:00:00+00:00","dateModified":"2026-04-29T09:11:28+00:00","author":{"@id":"https:\/\/www.elementlogic.net\/de\/#\/schema\/person\/51bc863b96550db214ae3705fec1903f"},"inLanguage":"de","potentialAction":[{"@type":"ReadAction","target":["https:\/\/www.elementlogic.net\/de\/news\/element-logic-ernennt-carola-wagner-zur-vice-president-professional-services\/"]}]},{"@type":"ImageObject","inLanguage":"de","@id":"https:\/\/www.elementlogic.net\/de\/news\/element-logic-ernennt-carola-wagner-zur-vice-president-professional-services\/#primaryimage","url":"https:\/\/www.elementlogic.net\/content\/uploads\/sites\/17\/2026\/05\/20260429_VicePresidentProfessionalServices.jpg","contentUrl":"https:\/\/www.elementlogic.net\/content\/uploads\/sites\/17\/2026\/05\/20260429_VicePresidentProfessionalServices.jpg","width":1920,"height":800},{"@type":"WebSite","@id":"https:\/\/www.elementlogic.net\/de\/#website","url":"https:\/\/www.elementlogic.net\/de\/","name":"Element Logic Deutschland","description":"Optimizing Warehouse Performance","potentialAction":[{"@type":"SearchAction","target":{"@type":"EntryPoint","urlTemplate":"https:\/\/www.elementlogic.net\/de\/?s={search_term_string}"},"query-input":{"@type":"PropertyValueSpecification","valueRequired":true,"valueName":"search_term_string"}}],"inLanguage":"de"},{"@type":"Person","@id":"https:\/\/www.elementlogic.net\/de\/#\/schema\/person\/51bc863b96550db214ae3705fec1903f","name":"OAOA","image":{"@type":"ImageObject","inLanguage":"de","@id":"https:\/\/www.elementlogic.net\/de\/#\/schema\/person\/image\/","url":"https:\/\/secure.gravatar.com\/avatar\/4a553b9f5bf37f52456593315613358e?s=96&d=mm&r=g","contentUrl":"https:\/\/secure.gravatar.com\/avatar\/4a553b9f5bf37f52456593315613358e?s=96&d=mm&r=g","caption":"OAOA"},"url":"https:\/\/www.elementlogic.net\/de\/news\/author\/oaoa\/"}]}},"_links":{"self":[{"href":"https:\/\/www.elementlogic.net\/de\/wp-json\/wp\/v2\/posts\/3764"}],"collection":[{"href":"https:\/\/www.elementlogic.net\/de\/wp-json\/wp\/v2\/posts"}],"about":[{"href":"https:\/\/www.elementlogic.net\/de\/wp-json\/wp\/v2\/types\/post"}],"author":[{"embeddable":true,"href":"https:\/\/www.elementlogic.net\/de\/wp-json\/wp\/v2\/users\/26"}],"replies":[{"embeddable":true,"href":"https:\/\/www.elementlogic.net\/de\/wp-json\/wp\/v2\/comments?post=3764"}],"version-history":[{"count":4,"href":"https:\/\/www.elementlogic.net\/de\/wp-json\/wp\/v2\/posts\/3764\/revisions"}],"predecessor-version":[{"id":3772,"href":"https:\/\/www.elementlogic.net\/de\/wp-json\/wp\/v2\/posts\/3764\/revisions\/3772"}],"wp:featuredmedia":[{"embeddable":true,"href":"https:\/\/www.elementlogic.net\/de\/wp-json\/wp\/v2\/media\/3771"}],"wp:attachment":[{"href":"https:\/\/www.elementlogic.net\/de\/wp-json\/wp\/v2\/media?parent=3764"}],"wp:term":[{"taxonomy":"category","embeddable":true,"href":"https:\/\/www.elementlogic.net\/de\/wp-json\/wp\/v2\/categories?post=3764"},{"taxonomy":"post_tag","embeddable":true,"href":"https:\/\/www.elementlogic.net\/de\/wp-json\/wp\/v2\/tags?post=3764"}],"curies":[{"name":"wp","href":"https:\/\/api.w.org\/{rel}","templated":true}]}}