{"id":2785,"date":"2025-05-02T10:54:21","date_gmt":"2025-05-02T10:54:21","guid":{"rendered":"https:\/\/www.elementlogic.net\/dk\/?p=2785"},"modified":"2025-06-05T12:19:33","modified_gmt":"2025-06-05T12:19:33","slug":"moed-element-logic-til-e-handelsprisen-2025","status":"publish","type":"post","link":"https:\/\/www.elementlogic.net\/dk\/nyheder\/moed-element-logic-til-e-handelsprisen-2025\/","title":{"rendered":"M\u00f8d Element Logic til E-handelsprisen 2025"},"content":{"rendered":"<div class=\"wp-block-dekode-page-title\">\n\t\t\t<div class=\"dekode-page-title__container\">\n<h1 class=\"wp-block-post-title\">M\u00f8d Element Logic til E-handelsprisen 2025<\/h1>\n<\/div>\n\t\t<\/div>\n\n<p class=\"t2-ingress wp-block-t2-ingress\"><strong>Vi gl\u00e6der os til at deltage i \u00e5rets E-handelspris, som finder sted den 15. maj i Bella Centeret.<\/strong><\/p>\n\n\n<p>Element Logic er med som partner, n\u00e5r Dansk Erhverv den 15. maj afholder \u00e5rets st\u00f8rste fest for e-handelsbranchen \u2013 den \u00e5rlige E-handelspris, som finder sted i Bella Centeret i K\u00f8benhavn.<\/p>\n\n\n\n<p>E-handelsprisen er branchens st\u00f8rste awardshow, hvor hele branchen samles og hylder de mest innovative og passionerede e-handlere. Det bliver en aften fyldt med netv\u00e6rk, fejring og inspiration \u2013 og vi gl\u00e6der os til at v\u00e6re en del af det. &nbsp;<\/p>\n\n\n\n<figure class=\"wp-block-image size-full\"><img loading=\"lazy\" decoding=\"async\" width=\"540\" height=\"675\" src=\"https:\/\/www.elementlogic.net\/content\/uploads\/sites\/15\/2025\/05\/Elemnt-logic-1.png\" alt=\"\" class=\"wp-image-2787\" srcset=\"https:\/\/www.elementlogic.net\/content\/uploads\/sites\/15\/2025\/05\/Elemnt-logic-1.png 540w, https:\/\/www.elementlogic.net\/content\/uploads\/sites\/15\/2025\/05\/Elemnt-logic-1-240x300.png 240w\" sizes=\"(max-width: 540px) 100vw, 540px\" \/><\/figure>\n\n\n\n<p>L\u00e6s mere om E-handelsprisen her: <a href=\"https:\/\/www.danskerhverv.dk\/e-handelsprisen\/\">https:\/\/www.danskerhverv.dk\/e-handelsprisen\/<\/a><\/p>\n","protected":false},"excerpt":{"rendered":"<p>Element Logic er med som partner, n\u00e5r Dansk Erhverv den 15. maj afholder \u00e5rets st\u00f8rste fest for e-handelsbranchen \u2013 den [&hellip;]<\/p>\n","protected":false},"author":51,"featured_media":2577,"comment_status":"closed","ping_status":"closed","sticky":false,"template":"","format":"standard","meta":{"hreflang_relation":0,"_el_cross_publish_source_blog_url":"","_el_cross_publish_source_blog_id":0,"_el_cross_publish_source_post_id":0,"_el_cross_publish_sync_state":"","exclude_from_search":false,"footnotes":""},"categories":[1],"tags":[129,125,127],"class_list":["post-2785","post","type-post","status-publish","format-standard","has-post-thumbnail","hentry","category-uncategorized","tag-ehandel","tag-element-logic","tag-elementlogic"],"yoast_head":"<!-- This site is optimized with the Yoast SEO Premium plugin v23.9 (Yoast SEO v23.9) - https:\/\/yoast.com\/wordpress\/plugins\/seo\/ -->\n<title>M\u00f8d Element Logic til E-handelsprisen 2025 - Element Logic Denmark<\/title>\n<meta name=\"description\" content=\"Element Logic vil v\u00e6re til stede som partner p\u00e5 \u00e5ret E-handel pris, som er arrangeret af Dansk Erhverv. E-handelsprisen er branchens st\u00f8rste awardshow, hvor hele branchen samles.\" \/>\n<meta name=\"robots\" content=\"index, follow, max-snippet:-1, max-image-preview:large, max-video-preview:-1\" \/>\n<link rel=\"canonical\" href=\"https:\/\/www.elementlogic.net\/dk\/nyheder\/moed-element-logic-til-e-handelsprisen-2025\/\" \/>\n<meta property=\"og:locale\" content=\"da_DK\" \/>\n<meta property=\"og:type\" content=\"article\" \/>\n<meta property=\"og:title\" content=\"M\u00f8d Element Logic til E-handelsprisen 2025\" \/>\n<meta property=\"og:description\" content=\"Element Logic vil v\u00e6re til stede som partner p\u00e5 \u00e5ret E-handel pris, som er arrangeret af Dansk Erhverv. E-handelsprisen er branchens st\u00f8rste awardshow, hvor hele branchen samles.\" \/>\n<meta property=\"og:url\" content=\"https:\/\/www.elementlogic.net\/dk\/nyheder\/moed-element-logic-til-e-handelsprisen-2025\/\" \/>\n<meta property=\"og:site_name\" content=\"Element Logic Denmark\" \/>\n<meta property=\"article:published_time\" content=\"2025-05-02T10:54:21+00:00\" \/>\n<meta property=\"article:modified_time\" content=\"2025-06-05T12:19:33+00:00\" \/>\n<meta property=\"og:image\" content=\"https:\/\/www.elementlogic.net\/content\/uploads\/sites\/15\/2024\/11\/el-favicon-512x512-1.png\" \/>\n\t<meta property=\"og:image:width\" content=\"512\" \/>\n\t<meta property=\"og:image:height\" content=\"512\" \/>\n\t<meta property=\"og:image:type\" content=\"image\/png\" \/>\n<meta name=\"author\" content=\"sofie\" \/>\n<meta name=\"twitter:card\" content=\"summary_large_image\" \/>\n<meta name=\"twitter:label1\" content=\"Skrevet af\" \/>\n\t<meta name=\"twitter:data1\" content=\"sofie\" \/>\n\t<meta name=\"twitter:label2\" content=\"Estimeret l\u00e6setid\" \/>\n\t<meta name=\"twitter:data2\" content=\"1 minut\" \/>\n<script type=\"application\/ld+json\" class=\"yoast-schema-graph\">{\"@context\":\"https:\/\/schema.org\",\"@graph\":[{\"@type\":\"WebPage\",\"@id\":\"https:\/\/www.elementlogic.net\/dk\/nyheder\/moed-element-logic-til-e-handelsprisen-2025\/\",\"url\":\"https:\/\/www.elementlogic.net\/dk\/nyheder\/moed-element-logic-til-e-handelsprisen-2025\/\",\"name\":\"M\u00f8d Element Logic til E-handelsprisen 2025 - Element Logic Denmark\",\"isPartOf\":{\"@id\":\"https:\/\/www.elementlogic.net\/dk\/#website\"},\"primaryImageOfPage\":{\"@id\":\"https:\/\/www.elementlogic.net\/dk\/nyheder\/moed-element-logic-til-e-handelsprisen-2025\/#primaryimage\"},\"image\":{\"@id\":\"https:\/\/www.elementlogic.net\/dk\/nyheder\/moed-element-logic-til-e-handelsprisen-2025\/#primaryimage\"},\"thumbnailUrl\":\"https:\/\/www.elementlogic.net\/content\/uploads\/sites\/15\/2024\/11\/el-favicon-512x512-1.png\",\"datePublished\":\"2025-05-02T10:54:21+00:00\",\"dateModified\":\"2025-06-05T12:19:33+00:00\",\"author\":{\"@id\":\"https:\/\/www.elementlogic.net\/dk\/#\/schema\/person\/af17bbf06fdec15ef510fdd9d3d4a585\"},\"description\":\"Element Logic vil v\u00e6re til stede som partner p\u00e5 \u00e5ret E-handel pris, som er arrangeret af Dansk Erhverv. E-handelsprisen er branchens st\u00f8rste awardshow, hvor hele branchen samles.\",\"inLanguage\":\"da-DK\",\"potentialAction\":[{\"@type\":\"ReadAction\",\"target\":[\"https:\/\/www.elementlogic.net\/dk\/nyheder\/moed-element-logic-til-e-handelsprisen-2025\/\"]}]},{\"@type\":\"ImageObject\",\"inLanguage\":\"da-DK\",\"@id\":\"https:\/\/www.elementlogic.net\/dk\/nyheder\/moed-element-logic-til-e-handelsprisen-2025\/#primaryimage\",\"url\":\"https:\/\/www.elementlogic.net\/content\/uploads\/sites\/15\/2024\/11\/el-favicon-512x512-1.png\",\"contentUrl\":\"https:\/\/www.elementlogic.net\/content\/uploads\/sites\/15\/2024\/11\/el-favicon-512x512-1.png\",\"width\":512,\"height\":512},{\"@type\":\"WebSite\",\"@id\":\"https:\/\/www.elementlogic.net\/dk\/#website\",\"url\":\"https:\/\/www.elementlogic.net\/dk\/\",\"name\":\"Element Logic Denmark\",\"description\":\"\",\"potentialAction\":[{\"@type\":\"SearchAction\",\"target\":{\"@type\":\"EntryPoint\",\"urlTemplate\":\"https:\/\/www.elementlogic.net\/dk\/?s={search_term_string}\"},\"query-input\":{\"@type\":\"PropertyValueSpecification\",\"valueRequired\":true,\"valueName\":\"search_term_string\"}}],\"inLanguage\":\"da-DK\"},{\"@type\":\"Person\",\"@id\":\"https:\/\/www.elementlogic.net\/dk\/#\/schema\/person\/af17bbf06fdec15ef510fdd9d3d4a585\",\"name\":\"sofie\",\"image\":{\"@type\":\"ImageObject\",\"inLanguage\":\"da-DK\",\"@id\":\"https:\/\/www.elementlogic.net\/dk\/#\/schema\/person\/image\/\",\"url\":\"https:\/\/secure.gravatar.com\/avatar\/f5115211c8768dd563ad2a83b5c895c6?s=96&d=mm&r=g\",\"contentUrl\":\"https:\/\/secure.gravatar.com\/avatar\/f5115211c8768dd563ad2a83b5c895c6?s=96&d=mm&r=g\",\"caption\":\"sofie\"},\"url\":\"https:\/\/www.elementlogic.net\/dk\/nyheder\/author\/sofie\/\"}]}<\/script>\n<!-- \/ Yoast SEO Premium plugin. -->","yoast_head_json":{"title":"M\u00f8d Element Logic til E-handelsprisen 2025 - Element Logic Denmark","description":"Element Logic vil v\u00e6re til stede som partner p\u00e5 \u00e5ret E-handel pris, som er arrangeret af Dansk Erhverv. E-handelsprisen er branchens st\u00f8rste awardshow, hvor hele branchen samles.","robots":{"index":"index","follow":"follow","max-snippet":"max-snippet:-1","max-image-preview":"max-image-preview:large","max-video-preview":"max-video-preview:-1"},"canonical":"https:\/\/www.elementlogic.net\/dk\/nyheder\/moed-element-logic-til-e-handelsprisen-2025\/","og_locale":"da_DK","og_type":"article","og_title":"M\u00f8d Element Logic til E-handelsprisen 2025","og_description":"Element Logic vil v\u00e6re til stede som partner p\u00e5 \u00e5ret E-handel pris, som er arrangeret af Dansk Erhverv. E-handelsprisen er branchens st\u00f8rste awardshow, hvor hele branchen samles.","og_url":"https:\/\/www.elementlogic.net\/dk\/nyheder\/moed-element-logic-til-e-handelsprisen-2025\/","og_site_name":"Element Logic Denmark","article_published_time":"2025-05-02T10:54:21+00:00","article_modified_time":"2025-06-05T12:19:33+00:00","og_image":[{"width":512,"height":512,"url":"https:\/\/www.elementlogic.net\/content\/uploads\/sites\/15\/2024\/11\/el-favicon-512x512-1.png","type":"image\/png"}],"author":"sofie","twitter_card":"summary_large_image","twitter_misc":{"Skrevet af":"sofie","Estimeret l\u00e6setid":"1 minut"},"schema":{"@context":"https:\/\/schema.org","@graph":[{"@type":"WebPage","@id":"https:\/\/www.elementlogic.net\/dk\/nyheder\/moed-element-logic-til-e-handelsprisen-2025\/","url":"https:\/\/www.elementlogic.net\/dk\/nyheder\/moed-element-logic-til-e-handelsprisen-2025\/","name":"M\u00f8d Element Logic til E-handelsprisen 2025 - Element Logic Denmark","isPartOf":{"@id":"https:\/\/www.elementlogic.net\/dk\/#website"},"primaryImageOfPage":{"@id":"https:\/\/www.elementlogic.net\/dk\/nyheder\/moed-element-logic-til-e-handelsprisen-2025\/#primaryimage"},"image":{"@id":"https:\/\/www.elementlogic.net\/dk\/nyheder\/moed-element-logic-til-e-handelsprisen-2025\/#primaryimage"},"thumbnailUrl":"https:\/\/www.elementlogic.net\/content\/uploads\/sites\/15\/2024\/11\/el-favicon-512x512-1.png","datePublished":"2025-05-02T10:54:21+00:00","dateModified":"2025-06-05T12:19:33+00:00","author":{"@id":"https:\/\/www.elementlogic.net\/dk\/#\/schema\/person\/af17bbf06fdec15ef510fdd9d3d4a585"},"description":"Element Logic vil v\u00e6re til stede som partner p\u00e5 \u00e5ret E-handel pris, som er arrangeret af Dansk Erhverv. E-handelsprisen er branchens st\u00f8rste awardshow, hvor hele branchen samles.","inLanguage":"da-DK","potentialAction":[{"@type":"ReadAction","target":["https:\/\/www.elementlogic.net\/dk\/nyheder\/moed-element-logic-til-e-handelsprisen-2025\/"]}]},{"@type":"ImageObject","inLanguage":"da-DK","@id":"https:\/\/www.elementlogic.net\/dk\/nyheder\/moed-element-logic-til-e-handelsprisen-2025\/#primaryimage","url":"https:\/\/www.elementlogic.net\/content\/uploads\/sites\/15\/2024\/11\/el-favicon-512x512-1.png","contentUrl":"https:\/\/www.elementlogic.net\/content\/uploads\/sites\/15\/2024\/11\/el-favicon-512x512-1.png","width":512,"height":512},{"@type":"WebSite","@id":"https:\/\/www.elementlogic.net\/dk\/#website","url":"https:\/\/www.elementlogic.net\/dk\/","name":"Element Logic Denmark","description":"","potentialAction":[{"@type":"SearchAction","target":{"@type":"EntryPoint","urlTemplate":"https:\/\/www.elementlogic.net\/dk\/?s={search_term_string}"},"query-input":{"@type":"PropertyValueSpecification","valueRequired":true,"valueName":"search_term_string"}}],"inLanguage":"da-DK"},{"@type":"Person","@id":"https:\/\/www.elementlogic.net\/dk\/#\/schema\/person\/af17bbf06fdec15ef510fdd9d3d4a585","name":"sofie","image":{"@type":"ImageObject","inLanguage":"da-DK","@id":"https:\/\/www.elementlogic.net\/dk\/#\/schema\/person\/image\/","url":"https:\/\/secure.gravatar.com\/avatar\/f5115211c8768dd563ad2a83b5c895c6?s=96&d=mm&r=g","contentUrl":"https:\/\/secure.gravatar.com\/avatar\/f5115211c8768dd563ad2a83b5c895c6?s=96&d=mm&r=g","caption":"sofie"},"url":"https:\/\/www.elementlogic.net\/dk\/nyheder\/author\/sofie\/"}]}},"_links":{"self":[{"href":"https:\/\/www.elementlogic.net\/dk\/wp-json\/wp\/v2\/posts\/2785"}],"collection":[{"href":"https:\/\/www.elementlogic.net\/dk\/wp-json\/wp\/v2\/posts"}],"about":[{"href":"https:\/\/www.elementlogic.net\/dk\/wp-json\/wp\/v2\/types\/post"}],"author":[{"embeddable":true,"href":"https:\/\/www.elementlogic.net\/dk\/wp-json\/wp\/v2\/users\/51"}],"replies":[{"embeddable":true,"href":"https:\/\/www.elementlogic.net\/dk\/wp-json\/wp\/v2\/comments?post=2785"}],"version-history":[{"count":4,"href":"https:\/\/www.elementlogic.net\/dk\/wp-json\/wp\/v2\/posts\/2785\/revisions"}],"predecessor-version":[{"id":2930,"href":"https:\/\/www.elementlogic.net\/dk\/wp-json\/wp\/v2\/posts\/2785\/revisions\/2930"}],"wp:featuredmedia":[{"embeddable":true,"href":"https:\/\/www.elementlogic.net\/dk\/wp-json\/wp\/v2\/media\/2577"}],"wp:attachment":[{"href":"https:\/\/www.elementlogic.net\/dk\/wp-json\/wp\/v2\/media?parent=2785"}],"wp:term":[{"taxonomy":"category","embeddable":true,"href":"https:\/\/www.elementlogic.net\/dk\/wp-json\/wp\/v2\/categories?post=2785"},{"taxonomy":"post_tag","embeddable":true,"href":"https:\/\/www.elementlogic.net\/dk\/wp-json\/wp\/v2\/tags?post=2785"}],"curies":[{"name":"wp","href":"https:\/\/api.w.org\/{rel}","templated":true}]}}