{"id":1810,"date":"2023-08-24T08:30:00","date_gmt":"2023-08-24T08:30:00","guid":{"rendered":"https:\/\/www.elementlogic.net\/es\/?p=1810"},"modified":"2024-10-04T07:36:52","modified_gmt":"2024-10-04T07:36:52","slug":"element-logic-reorganiza-su-cupula-en-espana-y-nombra-a-cesar-nosti-nuevo-director-general","status":"publish","type":"post","link":"https:\/\/www.elementlogic.net\/es\/noticias\/element-logic-reorganiza-su-cupula-en-espana-y-nombra-a-cesar-nosti-nuevo-director-general\/","title":{"rendered":"Element Logic reorganiza su c\u00fapula en Espa\u00f1a y nombra a C\u00e9sar Nosti nuevo director general"},"content":{"rendered":"<div class=\"wp-block-dekode-page-title\">\n\t\t\t<div class=\"dekode-page-title__container\">\n<h1 class=\"wp-block-post-title\">Element Logic reorganiza su c\u00fapula en Espa\u00f1a y nombra a C\u00e9sar Nosti nuevo director general<\/h1>\n<\/div>\n\t\t<\/div>\n\n<figure class=\"alignwide wp-block-post-featured-image\"><img loading=\"lazy\" decoding=\"async\" width=\"1155\" height=\"650\" src=\"https:\/\/www.elementlogic.net\/content\/uploads\/sites\/12\/2024\/10\/cesar-nosti.jpg\" class=\"attachment-post-thumbnail size-post-thumbnail wp-post-image\" alt=\"C\u00e9sar Nosti, el nuevo Director General de Element Logic en Espa\u00f1a, sonriendo a la c\u00e1mara.\" style=\"object-fit:cover;\" srcset=\"https:\/\/www.elementlogic.net\/content\/uploads\/sites\/12\/2024\/10\/cesar-nosti.jpg 1155w, https:\/\/www.elementlogic.net\/content\/uploads\/sites\/12\/2024\/10\/cesar-nosti-300x169.jpg 300w, https:\/\/www.elementlogic.net\/content\/uploads\/sites\/12\/2024\/10\/cesar-nosti-1024x576.jpg 1024w, https:\/\/www.elementlogic.net\/content\/uploads\/sites\/12\/2024\/10\/cesar-nosti-768x432.jpg 768w\" sizes=\"(max-width: 1155px) 100vw, 1155px\" \/><\/figure>\n\n<p class=\"t2-ingress wp-block-t2-ingress\">C\u00e9sar Nosti dirigir\u00e1 la estrategia de crecimiento y Antonio Pe\u00f1a focalizar\u00e1 sus esfuerzos en la direcci\u00f3n de ventas de la empresa en el mercado espa\u00f1ol<\/p>\n\n<div class=\"wp-block-dekode-post-date\"><span class=\"date-published\">Publicada <time datetime=\"2023-08-24T08:30:00+00:00\">agosto 24, 2023 8:30 am<\/time><\/span> <\/div>\n\n\n<p>Element Logic, especialista en automatizaci\u00f3n e intralog\u00edstica y primer y mayor integrador de soluciones integrales <a href=\"https:\/\/www.elementlogic.es\/soluciones-y-servicios\/autostore\/\" target=\"_blank\" rel=\"noreferrer noopener\">AutoStore<\/a>, ha reestructurado su c\u00fapula directiva en Espa\u00f1a con el nombramiento de C\u00e9sar Nosti como nuevo director general. El nuevo cargo se har\u00e1 efectivo a partir del pr\u00f3ximo 4 de septiembre.<\/p>\n\n\n\n<p>Por su parte, Antonio Pe\u00f1a, que ocupa este cargo desde junio de forma interina, se encargar\u00e1 de la direcci\u00f3n de ventas del grupo y se convierte, adem\u00e1s, en miembro permanente del equipo directivo de Element Logic Espa\u00f1a.<\/p>\n\n\n\n<p>Esta reorganizaci\u00f3n representa un paso importante en la estrategia de Element Logic para fortalecer su presencia en Espa\u00f1a y mejorar a\u00fan m\u00e1s el enfoque de la compa\u00f1\u00eda hacia la excelencia operativa y la innovaci\u00f3n. La visi\u00f3n y amplia experiencia de C\u00e9sar Nosti en el sector intralog\u00edstico ser\u00e1n decisivas para dirigir el desarrollo de la empresa y brindar <a href=\"https:\/\/www.elementlogic.es\/soluciones-y-servicios\/\" target=\"_blank\" rel=\"noreferrer noopener\">soluciones<\/a> innovadoras y de calidad a sus clientes. Adem\u00e1s, el nuevo responsable del grupo liderar\u00e1 la apertura de una segunda oficina, esta vez en Madrid, con el objetivo de acercar todav\u00eda m\u00e1s las soluciones de Element Logic a sus clientes.<\/p>\n\n\n\n<figure class=\"wp-block-image alignnone size-large wp-image-3007\"><img loading=\"lazy\" decoding=\"async\" width=\"1024\" height=\"683\" src=\"https:\/\/www.elementlogic.net\/content\/uploads\/sites\/12\/2024\/10\/MK4_1101-Bearbeitet-17.-Juli-2019-1024x683.jpg\" alt=\"Robots AutoStore desplaz\u00e1ndose por la rejilla de este sistema de almacenamiento y picking automatizado\" class=\"wp-image-1811\" srcset=\"https:\/\/www.elementlogic.net\/content\/uploads\/sites\/12\/2024\/10\/MK4_1101-Bearbeitet-17.-Juli-2019-1024x683.jpg 1024w, https:\/\/www.elementlogic.net\/content\/uploads\/sites\/12\/2024\/10\/MK4_1101-Bearbeitet-17.-Juli-2019-300x200.jpg 300w, https:\/\/www.elementlogic.net\/content\/uploads\/sites\/12\/2024\/10\/MK4_1101-Bearbeitet-17.-Juli-2019-768x512.jpg 768w, https:\/\/www.elementlogic.net\/content\/uploads\/sites\/12\/2024\/10\/MK4_1101-Bearbeitet-17.-Juli-2019-1536x1024.jpg 1536w, https:\/\/www.elementlogic.net\/content\/uploads\/sites\/12\/2024\/10\/MK4_1101-Bearbeitet-17.-Juli-2019.jpg 1600w\" sizes=\"(max-width: 1024px) 100vw, 1024px\" \/><figcaption class=\"wp-element-caption\">Element Logic es el primer y mayor partner de AutoStore, el sistema de almacenamiento y picking automatizado m\u00e1s r\u00e1pido por metro cuadrado del mercado.<\/figcaption><\/figure>\n\n\n\n<h2 class=\"wp-block-heading\" id=\"amplia-experiencia-en-intralogistica\">Amplia experiencia en intralog\u00edstica<\/h2>\n\n\n\n<p>C\u00e9sar Nosti se incorpora a Element Logic procedente de DLL, donde dirigi\u00f3 el \u00e1rea de ventas de intralog\u00edstica del grupo. Su trayectoria incluye tambi\u00e9n posiciones de liderazgo en empresas destacadas del sector, como ULMA Handling Systems, Dematic y SSI Sch\u00e4fer.<\/p>\n\n\n\n<p>\u201cC\u00e9sar acumula una amplia experiencia en numerosos cargos directivos y comerciales de nuestro sector. Aportar\u00e1 una valiosa perspectiva a nuestro proceso de ventas que contribuir\u00e1 a alcanzar nuestros ambiciosos objetivos en el mercado espa\u00f1ol\u201d, afirma Thomas Karlsson, vicepresidente de Element Logic para el resto de Europa.&nbsp;<\/p>\n\n\n\n<p>\u201cEstoy encantado de asumir este nuevo cargo. Estoy convencido de que el futuro pasa por sistemas de automatizaci\u00f3n escalables y estandarizados y soluciones de mitigaci\u00f3n de riesgos como los que ofrece Element Logic. Espero contribuir decisivamente al crecimiento del negocio en Espa\u00f1a y trabajar junto al resto del equipo para superar las altas expectativas de la empresa y de nuestros clientes\u201d, se\u00f1ala C\u00e9sar Nosti.&nbsp;<\/p>\n\n\n\n<p>Thomas Karlsson pone tambi\u00e9n en valor el trabajo realizado por Antonio Pe\u00f1a hasta la fecha: \u201cMe gustar\u00eda expresar mi m\u00e1s profundo reconocimiento y agradecimiento por el excepcional desempe\u00f1o y compromiso de Antonio. Gracias a su esfuerzo y sacrificio hemos podido situarnos en una posici\u00f3n privilegiada y prometedora en el mercado espa\u00f1ol\u201d, concluye.<\/p>\n\n\n\n\t\t<div class=\"wp-block-dekode-simple-cta\">\n\t\t\t<div class=\"dekode-simple-cta__inner\">\n\n<h3 class=\"wp-block-heading\" id=\"estas-pensando-en-automatizar-tu-almacen\"> \u00bfEst\u00e1s pensando en automatizar tu almac\u00e9n?<\/h3>\n\n\n\n<div class=\"wp-block-buttons is-layout-flex wp-block-buttons-is-layout-flex\">\n<div class=\"wp-block-button\"><a class=\"wp-block-button__link wp-element-button\" href=\"https:\/\/www.elementlogic.net\/es\/contacta-con-nosotros\/\">\u00a1Contacta con nosotros!<\/a><\/div>\n<\/div>\n\n<\/div>\n\t\t<\/div>","protected":false},"excerpt":{"rendered":"<p>Element Logic, especialista en automatizaci\u00f3n e intralog\u00edstica y primer y mayor integrador de soluciones integrales AutoStore, ha reestructurado su c\u00fapula [&hellip;]<\/p>\n","protected":false},"author":19,"featured_media":1812,"comment_status":"closed","ping_status":"closed","sticky":false,"template":"","format":"standard","meta":{"hreflang_relation":0,"_el_cross_publish_source_blog_url":"","_el_cross_publish_source_blog_id":0,"_el_cross_publish_source_post_id":0,"_el_cross_publish_sync_state":"","exclude_from_search":false,"footnotes":""},"categories":[127],"tags":[],"class_list":["post-1810","post","type-post","status-publish","format-standard","has-post-thumbnail","hentry","category-noticias-corporativas"],"yoast_head":"<!-- This site is optimized with the Yoast SEO Premium plugin v23.9 (Yoast SEO v23.9) - https:\/\/yoast.com\/wordpress\/plugins\/seo\/ -->\n<title>C\u00e9sar Nosti, nuevo director general de Element Logic Espa\u00f1a<\/title>\n<meta name=\"description\" content=\"Element Logic, especialista en intralog\u00edstica y automatizaci\u00f3n, reorganiza su c\u00fapula en Espa\u00f1a y nombra a C\u00e9sar Nosti nuevo director general.\" \/>\n<meta name=\"robots\" content=\"index, follow, max-snippet:-1, max-image-preview:large, max-video-preview:-1\" \/>\n<link rel=\"canonical\" href=\"https:\/\/www.elementlogic.net\/es\/noticias\/element-logic-reorganiza-su-cupula-en-espana-y-nombra-a-cesar-nosti-nuevo-director-general\/\" \/>\n<meta property=\"og:locale\" content=\"es_ES\" \/>\n<meta property=\"og:type\" content=\"article\" \/>\n<meta property=\"og:title\" content=\"Element Logic reorganiza su c\u00fapula en Espa\u00f1a y nombra a C\u00e9sar Nosti nuevo director general\" \/>\n<meta property=\"og:description\" content=\"Element Logic, especialista en intralog\u00edstica y automatizaci\u00f3n, reorganiza su c\u00fapula en Espa\u00f1a y nombra a C\u00e9sar Nosti nuevo director general.\" \/>\n<meta property=\"og:url\" content=\"https:\/\/www.elementlogic.net\/es\/noticias\/element-logic-reorganiza-su-cupula-en-espana-y-nombra-a-cesar-nosti-nuevo-director-general\/\" \/>\n<meta property=\"og:site_name\" content=\"Element Logic Spain\" \/>\n<meta property=\"article:published_time\" content=\"2023-08-24T08:30:00+00:00\" \/>\n<meta property=\"article:modified_time\" content=\"2024-10-04T07:36:52+00:00\" \/>\n<meta property=\"og:image\" content=\"https:\/\/www.elementlogic.net\/content\/uploads\/sites\/12\/2024\/10\/cesar-nosti.jpg\" \/>\n\t<meta property=\"og:image:width\" content=\"1155\" \/>\n\t<meta property=\"og:image:height\" content=\"650\" \/>\n\t<meta property=\"og:image:type\" content=\"image\/jpeg\" \/>\n<meta name=\"author\" content=\"blackpool\" \/>\n<meta name=\"twitter:card\" content=\"summary_large_image\" \/>\n<meta name=\"twitter:label1\" content=\"Escrito por\" \/>\n\t<meta name=\"twitter:data1\" content=\"blackpool\" \/>\n\t<meta name=\"twitter:label2\" content=\"Tiempo de lectura\" \/>\n\t<meta name=\"twitter:data2\" content=\"3 minutos\" \/>\n<script type=\"application\/ld+json\" class=\"yoast-schema-graph\">{\"@context\":\"https:\/\/schema.org\",\"@graph\":[{\"@type\":\"WebPage\",\"@id\":\"https:\/\/www.elementlogic.net\/es\/noticias\/element-logic-reorganiza-su-cupula-en-espana-y-nombra-a-cesar-nosti-nuevo-director-general\/\",\"url\":\"https:\/\/www.elementlogic.net\/es\/noticias\/element-logic-reorganiza-su-cupula-en-espana-y-nombra-a-cesar-nosti-nuevo-director-general\/\",\"name\":\"C\u00e9sar Nosti, nuevo director general de Element Logic Espa\u00f1a\",\"isPartOf\":{\"@id\":\"https:\/\/www.elementlogic.net\/es\/#website\"},\"primaryImageOfPage\":{\"@id\":\"https:\/\/www.elementlogic.net\/es\/noticias\/element-logic-reorganiza-su-cupula-en-espana-y-nombra-a-cesar-nosti-nuevo-director-general\/#primaryimage\"},\"image\":{\"@id\":\"https:\/\/www.elementlogic.net\/es\/noticias\/element-logic-reorganiza-su-cupula-en-espana-y-nombra-a-cesar-nosti-nuevo-director-general\/#primaryimage\"},\"thumbnailUrl\":\"https:\/\/www.elementlogic.net\/content\/uploads\/sites\/12\/2024\/10\/cesar-nosti.jpg\",\"datePublished\":\"2023-08-24T08:30:00+00:00\",\"dateModified\":\"2024-10-04T07:36:52+00:00\",\"author\":{\"@id\":\"https:\/\/www.elementlogic.net\/es\/#\/schema\/person\/b7aa1205d76c2b1f65b8539c8ee68ea3\"},\"description\":\"Element Logic, especialista en intralog\u00edstica y automatizaci\u00f3n, reorganiza su c\u00fapula en Espa\u00f1a y nombra a C\u00e9sar Nosti nuevo director general.\",\"inLanguage\":\"es\",\"potentialAction\":[{\"@type\":\"ReadAction\",\"target\":[\"https:\/\/www.elementlogic.net\/es\/noticias\/element-logic-reorganiza-su-cupula-en-espana-y-nombra-a-cesar-nosti-nuevo-director-general\/\"]}]},{\"@type\":\"ImageObject\",\"inLanguage\":\"es\",\"@id\":\"https:\/\/www.elementlogic.net\/es\/noticias\/element-logic-reorganiza-su-cupula-en-espana-y-nombra-a-cesar-nosti-nuevo-director-general\/#primaryimage\",\"url\":\"https:\/\/www.elementlogic.net\/content\/uploads\/sites\/12\/2024\/10\/cesar-nosti.jpg\",\"contentUrl\":\"https:\/\/www.elementlogic.net\/content\/uploads\/sites\/12\/2024\/10\/cesar-nosti.jpg\",\"width\":1155,\"height\":650,\"caption\":\"C\u00e9sar Nosti asume la direcci\u00f3n general de Element Logic Espa\u00f1a, liderando con experiencia y visi\u00f3n.\"},{\"@type\":\"WebSite\",\"@id\":\"https:\/\/www.elementlogic.net\/es\/#website\",\"url\":\"https:\/\/www.elementlogic.net\/es\/\",\"name\":\"Element Logic Spain\",\"description\":\"\",\"potentialAction\":[{\"@type\":\"SearchAction\",\"target\":{\"@type\":\"EntryPoint\",\"urlTemplate\":\"https:\/\/www.elementlogic.net\/es\/?s={search_term_string}\"},\"query-input\":{\"@type\":\"PropertyValueSpecification\",\"valueRequired\":true,\"valueName\":\"search_term_string\"}}],\"inLanguage\":\"es\"},{\"@type\":\"Person\",\"@id\":\"https:\/\/www.elementlogic.net\/es\/#\/schema\/person\/b7aa1205d76c2b1f65b8539c8ee68ea3\",\"name\":\"blackpool\",\"image\":{\"@type\":\"ImageObject\",\"inLanguage\":\"es\",\"@id\":\"https:\/\/www.elementlogic.net\/es\/#\/schema\/person\/image\/\",\"url\":\"https:\/\/secure.gravatar.com\/avatar\/b7e22524161cf9c07b622672500c82c1?s=96&d=mm&r=g\",\"contentUrl\":\"https:\/\/secure.gravatar.com\/avatar\/b7e22524161cf9c07b622672500c82c1?s=96&d=mm&r=g\",\"caption\":\"blackpool\"},\"url\":\"https:\/\/www.elementlogic.net\/es\/noticias\/author\/blackpool\/\"}]}<\/script>\n<!-- \/ Yoast SEO Premium plugin. -->","yoast_head_json":{"title":"C\u00e9sar Nosti, nuevo director general de Element Logic Espa\u00f1a","description":"Element Logic, especialista en intralog\u00edstica y automatizaci\u00f3n, reorganiza su c\u00fapula en Espa\u00f1a y nombra a C\u00e9sar Nosti nuevo director general.","robots":{"index":"index","follow":"follow","max-snippet":"max-snippet:-1","max-image-preview":"max-image-preview:large","max-video-preview":"max-video-preview:-1"},"canonical":"https:\/\/www.elementlogic.net\/es\/noticias\/element-logic-reorganiza-su-cupula-en-espana-y-nombra-a-cesar-nosti-nuevo-director-general\/","og_locale":"es_ES","og_type":"article","og_title":"Element Logic reorganiza su c\u00fapula en Espa\u00f1a y nombra a C\u00e9sar Nosti nuevo director general","og_description":"Element Logic, especialista en intralog\u00edstica y automatizaci\u00f3n, reorganiza su c\u00fapula en Espa\u00f1a y nombra a C\u00e9sar Nosti nuevo director general.","og_url":"https:\/\/www.elementlogic.net\/es\/noticias\/element-logic-reorganiza-su-cupula-en-espana-y-nombra-a-cesar-nosti-nuevo-director-general\/","og_site_name":"Element Logic Spain","article_published_time":"2023-08-24T08:30:00+00:00","article_modified_time":"2024-10-04T07:36:52+00:00","og_image":[{"width":1155,"height":650,"url":"https:\/\/www.elementlogic.net\/content\/uploads\/sites\/12\/2024\/10\/cesar-nosti.jpg","type":"image\/jpeg"}],"author":"blackpool","twitter_card":"summary_large_image","twitter_misc":{"Escrito por":"blackpool","Tiempo de lectura":"3 minutos"},"schema":{"@context":"https:\/\/schema.org","@graph":[{"@type":"WebPage","@id":"https:\/\/www.elementlogic.net\/es\/noticias\/element-logic-reorganiza-su-cupula-en-espana-y-nombra-a-cesar-nosti-nuevo-director-general\/","url":"https:\/\/www.elementlogic.net\/es\/noticias\/element-logic-reorganiza-su-cupula-en-espana-y-nombra-a-cesar-nosti-nuevo-director-general\/","name":"C\u00e9sar Nosti, nuevo director general de Element Logic Espa\u00f1a","isPartOf":{"@id":"https:\/\/www.elementlogic.net\/es\/#website"},"primaryImageOfPage":{"@id":"https:\/\/www.elementlogic.net\/es\/noticias\/element-logic-reorganiza-su-cupula-en-espana-y-nombra-a-cesar-nosti-nuevo-director-general\/#primaryimage"},"image":{"@id":"https:\/\/www.elementlogic.net\/es\/noticias\/element-logic-reorganiza-su-cupula-en-espana-y-nombra-a-cesar-nosti-nuevo-director-general\/#primaryimage"},"thumbnailUrl":"https:\/\/www.elementlogic.net\/content\/uploads\/sites\/12\/2024\/10\/cesar-nosti.jpg","datePublished":"2023-08-24T08:30:00+00:00","dateModified":"2024-10-04T07:36:52+00:00","author":{"@id":"https:\/\/www.elementlogic.net\/es\/#\/schema\/person\/b7aa1205d76c2b1f65b8539c8ee68ea3"},"description":"Element Logic, especialista en intralog\u00edstica y automatizaci\u00f3n, reorganiza su c\u00fapula en Espa\u00f1a y nombra a C\u00e9sar Nosti nuevo director general.","inLanguage":"es","potentialAction":[{"@type":"ReadAction","target":["https:\/\/www.elementlogic.net\/es\/noticias\/element-logic-reorganiza-su-cupula-en-espana-y-nombra-a-cesar-nosti-nuevo-director-general\/"]}]},{"@type":"ImageObject","inLanguage":"es","@id":"https:\/\/www.elementlogic.net\/es\/noticias\/element-logic-reorganiza-su-cupula-en-espana-y-nombra-a-cesar-nosti-nuevo-director-general\/#primaryimage","url":"https:\/\/www.elementlogic.net\/content\/uploads\/sites\/12\/2024\/10\/cesar-nosti.jpg","contentUrl":"https:\/\/www.elementlogic.net\/content\/uploads\/sites\/12\/2024\/10\/cesar-nosti.jpg","width":1155,"height":650,"caption":"C\u00e9sar Nosti asume la direcci\u00f3n general de Element Logic Espa\u00f1a, liderando con experiencia y visi\u00f3n."},{"@type":"WebSite","@id":"https:\/\/www.elementlogic.net\/es\/#website","url":"https:\/\/www.elementlogic.net\/es\/","name":"Element Logic Spain","description":"","potentialAction":[{"@type":"SearchAction","target":{"@type":"EntryPoint","urlTemplate":"https:\/\/www.elementlogic.net\/es\/?s={search_term_string}"},"query-input":{"@type":"PropertyValueSpecification","valueRequired":true,"valueName":"search_term_string"}}],"inLanguage":"es"},{"@type":"Person","@id":"https:\/\/www.elementlogic.net\/es\/#\/schema\/person\/b7aa1205d76c2b1f65b8539c8ee68ea3","name":"blackpool","image":{"@type":"ImageObject","inLanguage":"es","@id":"https:\/\/www.elementlogic.net\/es\/#\/schema\/person\/image\/","url":"https:\/\/secure.gravatar.com\/avatar\/b7e22524161cf9c07b622672500c82c1?s=96&d=mm&r=g","contentUrl":"https:\/\/secure.gravatar.com\/avatar\/b7e22524161cf9c07b622672500c82c1?s=96&d=mm&r=g","caption":"blackpool"},"url":"https:\/\/www.elementlogic.net\/es\/noticias\/author\/blackpool\/"}]}},"_links":{"self":[{"href":"https:\/\/www.elementlogic.net\/es\/wp-json\/wp\/v2\/posts\/1810"}],"collection":[{"href":"https:\/\/www.elementlogic.net\/es\/wp-json\/wp\/v2\/posts"}],"about":[{"href":"https:\/\/www.elementlogic.net\/es\/wp-json\/wp\/v2\/types\/post"}],"author":[{"embeddable":true,"href":"https:\/\/www.elementlogic.net\/es\/wp-json\/wp\/v2\/users\/19"}],"replies":[{"embeddable":true,"href":"https:\/\/www.elementlogic.net\/es\/wp-json\/wp\/v2\/comments?post=1810"}],"version-history":[{"count":1,"href":"https:\/\/www.elementlogic.net\/es\/wp-json\/wp\/v2\/posts\/1810\/revisions"}],"predecessor-version":[{"id":1813,"href":"https:\/\/www.elementlogic.net\/es\/wp-json\/wp\/v2\/posts\/1810\/revisions\/1813"}],"wp:featuredmedia":[{"embeddable":true,"href":"https:\/\/www.elementlogic.net\/es\/wp-json\/wp\/v2\/media\/1812"}],"wp:attachment":[{"href":"https:\/\/www.elementlogic.net\/es\/wp-json\/wp\/v2\/media?parent=1810"}],"wp:term":[{"taxonomy":"category","embeddable":true,"href":"https:\/\/www.elementlogic.net\/es\/wp-json\/wp\/v2\/categories?post=1810"},{"taxonomy":"post_tag","embeddable":true,"href":"https:\/\/www.elementlogic.net\/es\/wp-json\/wp\/v2\/tags?post=1810"}],"curies":[{"name":"wp","href":"https:\/\/api.w.org\/{rel}","templated":true}]}}