{"id":355,"date":"2024-08-27T09:00:00","date_gmt":"2024-08-27T07:00:00","guid":{"rendered":"https:\/\/www.elementlogic.net\/?p=1868"},"modified":"2025-03-07T10:07:10","modified_gmt":"2025-03-07T10:07:10","slug":"element-logic-onsker-ankush-malhotra-velkommen-som-ny-konsernsjef","status":"publish","type":"post","link":"https:\/\/www.elementlogic.net\/no\/aktuelt\/element-logic-onsker-ankush-malhotra-velkommen-som-ny-konsernsjef\/","title":{"rendered":"Element Logic \u00f8nsker Ankush Malhotra velkommen som ny konsernsjef"},"content":{"rendered":"<div class=\"wp-block-dekode-page-title\">\n\t\t\t<div class=\"dekode-page-title__container\">\n<h1 class=\"wp-block-post-title\">Element Logic \u00f8nsker Ankush Malhotra velkommen som ny konsernsjef<\/h1>\n<\/div>\n\t\t<\/div>\n\n<figure class=\"alignwide wp-block-post-featured-image\"><img loading=\"lazy\" decoding=\"async\" width=\"8192\" height=\"5464\" src=\"https:\/\/www.elementlogic.net\/content\/uploads\/sites\/10\/\/2024\/09\/EL_GMB_Krish_MGL2229-kopi.jpeg\" class=\"attachment-post-thumbnail size-post-thumbnail wp-post-image\" alt=\"\" style=\"object-fit:cover;\" srcset=\"https:\/\/www.elementlogic.net\/content\/uploads\/sites\/10\/2024\/09\/EL_GMB_Krish_MGL2229-kopi.jpeg 8192w, https:\/\/www.elementlogic.net\/content\/uploads\/sites\/10\/2024\/09\/EL_GMB_Krish_MGL2229-kopi-300x200.jpeg 300w, https:\/\/www.elementlogic.net\/content\/uploads\/sites\/10\/2024\/09\/EL_GMB_Krish_MGL2229-kopi-1024x683.jpeg 1024w, https:\/\/www.elementlogic.net\/content\/uploads\/sites\/10\/2024\/09\/EL_GMB_Krish_MGL2229-kopi-768x512.jpeg 768w, https:\/\/www.elementlogic.net\/content\/uploads\/sites\/10\/2024\/09\/EL_GMB_Krish_MGL2229-kopi-1536x1025.jpeg 1536w\" sizes=\"(max-width: 8192px) 100vw, 8192px\" \/><\/figure>\n\n<p class=\"t2-ingress wp-block-t2-ingress\">Vi er stolte av \u00e5 kunngj\u00f8re utnevnelsen av Ankush Malhotra som ny konsernsjef. Malhotra tiltrer umiddelbart og tar over etter Dag-Adler Blakseth, som var med p\u00e5 \u00e5 grunnlegge selskapet for nesten 40 \u00e5r siden, og som n\u00e5 trer tilbake fra den daglige driften etter 30 \u00e5r ved roret.<\/p>\n\n<div class=\"wp-block-dekode-post-date\"><span class=\"date-published\">Publisert <time datetime=\"2024-08-27T09:00:00+00:00\">august 27, 2024 9:00 am<\/time><\/span> <\/div>\n\n\n<p>Blakseth har v\u00e6rt en drivkraft bak selskapets vekst, og overtar n\u00e5 rollen som styreleder. <\/p>\n\n\n\n<p>\u2013 Ankush Malhotra er den rette personen til \u00e5 lede selskapet videre i det som vil bli en betydelig global satsning, sier Blakseth. Han har stor tillit til at Malhotra skal lede selskapet inn i neste fase.<\/p>\n\n\n\n<p>Ankush Malhotra bringer med seg omfattende erfaring til Element Logic, etter \u00e5 ha tilbrakt 18 \u00e5r hos Danaher\/Fortive\/Fluke, hvor han hadde ulike lederstillinger b\u00e5de i USA og Storbritannia, inkludert sin siste rolle som president i Fluke Reliability. Malhotra er basert i London og klar til \u00e5 drive frem Element Logics ambisi\u00f8se vekstplaner.<\/p>\n\n\n\n\t\t<blockquote class=\"wp-block-dekode-quote\">\n\t\t\t<div class=\"wp-block-dekode-quote__icon\">\n\t\t\t\t<img loading=\"lazy\" decoding=\"async\" width=\"300\" height=\"291\" src=\"https:\/\/www.elementlogic.net\/content\/uploads\/sites\/10\/2024\/09\/EL_Ankush_Malhotra_MGL2312-e1725647901238-300x291.jpg\" class=\"quote-image\" alt=\"\" srcset=\"https:\/\/www.elementlogic.net\/content\/uploads\/sites\/10\/2024\/09\/EL_Ankush_Malhotra_MGL2312-e1725647901238-300x291.jpg 300w, https:\/\/www.elementlogic.net\/content\/uploads\/sites\/10\/2024\/09\/EL_Ankush_Malhotra_MGL2312-e1725647901238-1024x994.jpg 1024w, https:\/\/www.elementlogic.net\/content\/uploads\/sites\/10\/2024\/09\/EL_Ankush_Malhotra_MGL2312-e1725647901238-768x746.jpg 768w, https:\/\/www.elementlogic.net\/content\/uploads\/sites\/10\/2024\/09\/EL_Ankush_Malhotra_MGL2312-e1725647901238-1536x1491.jpg 1536w, https:\/\/www.elementlogic.net\/content\/uploads\/sites\/10\/2024\/09\/EL_Ankush_Malhotra_MGL2312-e1725647901238-2048x1988.jpg 2048w\" sizes=\"(max-width: 300px) 100vw, 300px\" \/><svg xmlns=\"http:\/\/www.w3.org\/2000\/svg\" viewBox=\"0 0 24 24\" height=\"96\" width=\"96\" class=\"t2-icon t2-icon-theme_quote\" aria-hidden=\"true\" focusable=\"false\"><path d=\"M6.7808 16.5288L8.49055 13.5673C8.43289 13.5993 8.36555 13.6217 8.28855 13.6345C8.21155 13.6473 8.13464 13.6538 8.0578 13.6538C7.04114 13.6538 6.17797 13.2958 5.4683 12.5798C4.7588 11.8638 4.40405 11.0038 4.40405 10C4.40405 8.98334 4.7588 8.12017 5.4683 7.4105C6.17797 6.701 7.04114 6.34625 8.0578 6.34625C9.06164 6.34625 9.92155 6.701 10.6376 7.4105C11.3536 8.12017 11.7116 8.98334 11.7116 10C11.7116 10.3513 11.669 10.6783 11.5838 10.9808C11.4985 11.2833 11.3737 11.5718 11.2096 11.8463L8.07305 17.2788C8.00905 17.3904 7.92122 17.4808 7.80955 17.55C7.69805 17.6192 7.57305 17.6538 7.43455 17.6538C7.14739 17.6538 6.93205 17.5288 6.78855 17.2788C6.64489 17.0288 6.6423 16.7788 6.7808 16.5288ZM15.6656 16.5288L17.3751 13.5673C17.3174 13.5993 17.2501 13.6217 17.1731 13.6345C17.0962 13.6473 17.0193 13.6538 16.9423 13.6538C15.9256 13.6538 15.0626 13.2958 14.3531 12.5798C13.6434 11.8638 13.2886 11.0038 13.2886 10C13.2886 8.977 13.6434 8.11225 14.3531 7.40575C15.0626 6.69942 15.9256 6.34625 16.9423 6.34625C17.9461 6.34625 18.8061 6.701 19.5221 7.4105C20.2381 8.12017 20.5961 8.98334 20.5961 10C20.5961 10.3513 20.5535 10.6783 20.4683 10.9808C20.383 11.2833 20.2583 11.5718 20.0943 11.8463L16.9578 17.2788C16.8936 17.3904 16.8058 17.4808 16.6943 17.55C16.5828 17.6192 16.4578 17.6538 16.3193 17.6538C16.0321 17.6538 15.8167 17.5288 15.6731 17.2788C15.5296 17.0288 15.5271 16.7788 15.6656 16.5288Z\" fill=\"var(--t2-icon-fill, #000)\"\/><\/svg>\n\t\t\t<\/div>\n\t\t\t<div class=\"wp-block-dekode-quote__text\">\n\t\t\t\t<p>Jeg er be\u00e6ret over \u00e5 ta fatt p\u00e5 denne rollen og ser frem til \u00e5 bli en del av et fantastisk selskap. Element Logic har hatt en imponerende vekstreise og har store ambisjoner for sitt neste kapittel. Jeg gleder meg til \u00e5 v\u00e6re en del av denne reisen og er forpliktet til \u00e5 skape verdi for v\u00e5re kunder og bidra til ytterligere vekst i \u00e5rene fremover.<\/p>\n<cite>Ankush Malhotra, Group CEO i Element Logic<\/cite>\n\t\t\t<\/div>\n\t\t<\/blockquote>\n\n\n<h2 class=\"wp-block-heading\" id=\"ambisiose-vekstplaner-fremover\">Ambisi\u00f8se vekstplaner fremover<\/h2>\n\n\n\n<p>I l\u00f8pet av de siste tre \u00e5rene har selskapet vokst fra \u00e5 ha tilstedev\u00e6relse i 12 til 19 markeder, fra ett til tre kontinenter og fra 170 til 900 ansatte over hele verden. N\u00e5 er ambisjonen \u00e5 ta enda st\u00f8rre markedsandeler i og utenfor Europa for \u00e5 bli den ledende systemintegratoren av automatiserte lagerl\u00f8sninger globalt.<\/p>\n\n\n\n\t\t<blockquote class=\"wp-block-dekode-quote\">\n\t\t\t<div class=\"wp-block-dekode-quote__icon\">\n\t\t\t\t<img loading=\"lazy\" decoding=\"async\" width=\"300\" height=\"300\" src=\"https:\/\/www.elementlogic.net\/content\/uploads\/sites\/10\/\/2024\/09\/Dag-Adler-Blakseth-CEO-Element-Logic-300x300.jpg\" class=\"quote-image\" alt=\"\" srcset=\"https:\/\/www.elementlogic.net\/content\/uploads\/sites\/10\/2024\/09\/Dag-Adler-Blakseth-CEO-Element-Logic-300x300.jpg 300w, https:\/\/www.elementlogic.net\/content\/uploads\/sites\/10\/2024\/09\/Dag-Adler-Blakseth-CEO-Element-Logic-150x150.jpg 150w, https:\/\/www.elementlogic.net\/content\/uploads\/sites\/10\/2024\/09\/Dag-Adler-Blakseth-CEO-Element-Logic.jpg 400w\" sizes=\"(max-width: 300px) 100vw, 300px\" \/><svg xmlns=\"http:\/\/www.w3.org\/2000\/svg\" viewBox=\"0 0 24 24\" height=\"96\" width=\"96\" class=\"t2-icon t2-icon-theme_quote\" aria-hidden=\"true\" focusable=\"false\"><path d=\"M6.7808 16.5288L8.49055 13.5673C8.43289 13.5993 8.36555 13.6217 8.28855 13.6345C8.21155 13.6473 8.13464 13.6538 8.0578 13.6538C7.04114 13.6538 6.17797 13.2958 5.4683 12.5798C4.7588 11.8638 4.40405 11.0038 4.40405 10C4.40405 8.98334 4.7588 8.12017 5.4683 7.4105C6.17797 6.701 7.04114 6.34625 8.0578 6.34625C9.06164 6.34625 9.92155 6.701 10.6376 7.4105C11.3536 8.12017 11.7116 8.98334 11.7116 10C11.7116 10.3513 11.669 10.6783 11.5838 10.9808C11.4985 11.2833 11.3737 11.5718 11.2096 11.8463L8.07305 17.2788C8.00905 17.3904 7.92122 17.4808 7.80955 17.55C7.69805 17.6192 7.57305 17.6538 7.43455 17.6538C7.14739 17.6538 6.93205 17.5288 6.78855 17.2788C6.64489 17.0288 6.6423 16.7788 6.7808 16.5288ZM15.6656 16.5288L17.3751 13.5673C17.3174 13.5993 17.2501 13.6217 17.1731 13.6345C17.0962 13.6473 17.0193 13.6538 16.9423 13.6538C15.9256 13.6538 15.0626 13.2958 14.3531 12.5798C13.6434 11.8638 13.2886 11.0038 13.2886 10C13.2886 8.977 13.6434 8.11225 14.3531 7.40575C15.0626 6.69942 15.9256 6.34625 16.9423 6.34625C17.9461 6.34625 18.8061 6.701 19.5221 7.4105C20.2381 8.12017 20.5961 8.98334 20.5961 10C20.5961 10.3513 20.5535 10.6783 20.4683 10.9808C20.383 11.2833 20.2583 11.5718 20.0943 11.8463L16.9578 17.2788C16.8936 17.3904 16.8058 17.4808 16.6943 17.55C16.5828 17.6192 16.4578 17.6538 16.3193 17.6538C16.0321 17.6538 15.8167 17.5288 15.6731 17.2788C15.5296 17.0288 15.5271 16.7788 15.6656 16.5288Z\" fill=\"var(--t2-icon-fill, #000)\"\/><\/svg>\n\t\t\t<\/div>\n\t\t\t<div class=\"wp-block-dekode-quote__text\">\n\t\t\t\t<p>\u201cMed den globale ekspansjonen selskapet n\u00e5 sikter mot, er det et naturlig tidspunkt \u00e5 gi stafettpinnen videre.<\/p>\n<cite>Dag-Adler Blakseth, former Group CEO of Element Logic<\/cite>\n\t\t\t<\/div>\n\t\t<\/blockquote>\n\n\n<p>\u2013 Det neste kapittelet i Element Logic er et spennende ett. Vi har ambisi\u00f8se m\u00e5l om \u00e5 \u00f8ke v\u00e5re markedsandeler globalt gjennom internasjonal ekspansjon og et utvidet produkt- og tjenestetilbud. Sammen med det dyktige teamet i Element Logic vil jeg bruke min erfaring og kunnskap til det beste for v\u00e5re kunder, og til \u00e5 drive l\u00f8nnsom vekst samtidig som vi fortsetter \u00e5 dyrke en kultur hvor de ansatte st\u00e5r i fokus, avslutter Malhotra.<\/p>\n\n\n\n<p>Denne overgangen markerer en ny \u00e6ra for Element Logic, der selskapet fortsetter \u00e5 presse grensene for lagerautomatisering og teknologi globalt.<\/p>\n\n\n\n\t\t<div class=\"wp-block-dekode-simple-cta\">\n\t\t\t<div class=\"dekode-simple-cta__inner\">\n\n<h3 class=\"wp-block-heading\" id=\"vil-du-laere-med-om-hvordan-element-logic-kan-optimalisere-din-lagerdrift\">Vil du l\u00e6re med om hvordan Element Logic kan optimalisere din lagerdrift?<\/h3>\n\n\n\n<div class=\"wp-block-buttons is-layout-flex wp-block-buttons-is-layout-flex\">\n<div class=\"wp-block-button\"><a class=\"wp-block-button__link wp-element-button\" href=\"https:\/\/www.elementlogic.net\/no\/kontakt-oss\/\">Kontakt oss<\/a><\/div>\n<\/div>\n\n<\/div>\n\t\t<\/div>","protected":false},"excerpt":{"rendered":"<p>Vi er stolte av \u00e5 kunngj\u00f8re utnevnelsen av Ankush Malhotra som ny konsernsjef. Malhotra tiltrer umiddelbart og tar over etter Dag-Adler Blakseth, som var med p\u00e5 \u00e5 grunnlegge selskapet for nesten 40 \u00e5r siden, og som n\u00e5 trer tilbake fra den daglige driften etter 30 \u00e5r ved roret.<\/p>\n","protected":false},"author":3,"featured_media":110,"comment_status":"closed","ping_status":"closed","sticky":false,"template":"","format":"standard","meta":{"hreflang_relation":1868,"_el_cross_publish_source_blog_url":"","_el_cross_publish_source_blog_id":0,"_el_cross_publish_source_post_id":0,"_el_cross_publish_sync_state":"","exclude_from_search":false,"footnotes":""},"categories":[72],"tags":[],"class_list":["post-355","post","type-post","status-publish","format-standard","has-post-thumbnail","hentry","category-72"],"yoast_head":"<!-- This site is optimized with the Yoast SEO Premium plugin v23.9 (Yoast SEO v23.9) - https:\/\/yoast.com\/wordpress\/plugins\/seo\/ -->\n<title>Ny konsernsjef i Element Logic | Aktuelt | Element Logic<\/title>\n<meta name=\"description\" content=\"Ankush Malhotra er ny konsernsjef. Han overtar etter Dag-Adler Blakseth, som var med p\u00e5 \u00e5 grunnlegge selskapet for nesten 40 \u00e5r siden.\" \/>\n<meta name=\"robots\" content=\"index, follow, max-snippet:-1, max-image-preview:large, max-video-preview:-1\" \/>\n<link rel=\"canonical\" href=\"https:\/\/www.elementlogic.net\/no\/aktuelt\/element-logic-onsker-ankush-malhotra-velkommen-som-ny-konsernsjef\/\" \/>\n<meta property=\"og:locale\" content=\"nb_NO\" \/>\n<meta property=\"og:type\" content=\"article\" \/>\n<meta property=\"og:title\" content=\"Element Logic \u00f8nsker Ankush Malhotra velkommen som ny konsernsjef\" \/>\n<meta property=\"og:description\" content=\"Ankush Malhotra er ny konsernsjef. Han overtar etter Dag-Adler Blakseth, som var med p\u00e5 \u00e5 grunnlegge selskapet for nesten 40 \u00e5r siden.\" \/>\n<meta property=\"og:url\" content=\"https:\/\/www.elementlogic.net\/no\/aktuelt\/element-logic-onsker-ankush-malhotra-velkommen-som-ny-konsernsjef\/\" \/>\n<meta property=\"og:site_name\" content=\"Element Logic Norway\" \/>\n<meta property=\"article:published_time\" content=\"2024-08-27T07:00:00+00:00\" \/>\n<meta property=\"article:modified_time\" content=\"2025-03-07T10:07:10+00:00\" \/>\n<meta property=\"og:image\" content=\"https:\/\/www.elementlogic.net\/content\/uploads\/sites\/10\/\/2024\/09\/EL_GMB_Krish_MGL2229-kopi.jpeg\" \/>\n\t<meta property=\"og:image:width\" content=\"8192\" \/>\n\t<meta property=\"og:image:height\" content=\"5464\" \/>\n\t<meta property=\"og:image:type\" content=\"image\/jpeg\" \/>\n<meta name=\"author\" content=\"anette\" \/>\n<meta name=\"twitter:card\" content=\"summary_large_image\" \/>\n<meta name=\"twitter:label1\" content=\"Skrevet av\" \/>\n\t<meta name=\"twitter:data1\" content=\"anette\" \/>\n\t<meta name=\"twitter:label2\" content=\"Ansl. lesetid\" \/>\n\t<meta name=\"twitter:data2\" content=\"2 minutter\" \/>\n<script type=\"application\/ld+json\" class=\"yoast-schema-graph\">{\"@context\":\"https:\/\/schema.org\",\"@graph\":[{\"@type\":\"WebPage\",\"@id\":\"https:\/\/www.elementlogic.net\/no\/aktuelt\/element-logic-onsker-ankush-malhotra-velkommen-som-ny-konsernsjef\/\",\"url\":\"https:\/\/www.elementlogic.net\/no\/aktuelt\/element-logic-onsker-ankush-malhotra-velkommen-som-ny-konsernsjef\/\",\"name\":\"Ny konsernsjef i Element Logic | Aktuelt | Element Logic\",\"isPartOf\":{\"@id\":\"https:\/\/www.elementlogic.net\/no\/#website\"},\"primaryImageOfPage\":{\"@id\":\"https:\/\/www.elementlogic.net\/no\/aktuelt\/element-logic-onsker-ankush-malhotra-velkommen-som-ny-konsernsjef\/#primaryimage\"},\"image\":{\"@id\":\"https:\/\/www.elementlogic.net\/no\/aktuelt\/element-logic-onsker-ankush-malhotra-velkommen-som-ny-konsernsjef\/#primaryimage\"},\"thumbnailUrl\":\"https:\/\/www.elementlogic.net\/content\/uploads\/sites\/10\/\/2024\/09\/EL_GMB_Krish_MGL2229-kopi.jpeg\",\"datePublished\":\"2024-08-27T07:00:00+00:00\",\"dateModified\":\"2025-03-07T10:07:10+00:00\",\"author\":{\"@id\":\"https:\/\/www.elementlogic.net\/no\/#\/schema\/person\/5354160ea5e49f2e500294bd524e03e4\"},\"description\":\"Ankush Malhotra er ny konsernsjef. Han overtar etter Dag-Adler Blakseth, som var med p\u00e5 \u00e5 grunnlegge selskapet for nesten 40 \u00e5r siden.\",\"inLanguage\":\"nb-NO\",\"potentialAction\":[{\"@type\":\"ReadAction\",\"target\":[\"https:\/\/www.elementlogic.net\/no\/aktuelt\/element-logic-onsker-ankush-malhotra-velkommen-som-ny-konsernsjef\/\"]}]},{\"@type\":\"ImageObject\",\"inLanguage\":\"nb-NO\",\"@id\":\"https:\/\/www.elementlogic.net\/no\/aktuelt\/element-logic-onsker-ankush-malhotra-velkommen-som-ny-konsernsjef\/#primaryimage\",\"url\":\"https:\/\/www.elementlogic.net\/content\/uploads\/sites\/10\/\/2024\/09\/EL_GMB_Krish_MGL2229-kopi.jpeg\",\"contentUrl\":\"https:\/\/www.elementlogic.net\/content\/uploads\/sites\/10\/\/2024\/09\/EL_GMB_Krish_MGL2229-kopi.jpeg\",\"width\":8192,\"height\":5464},{\"@type\":\"WebSite\",\"@id\":\"https:\/\/www.elementlogic.net\/no\/#website\",\"url\":\"https:\/\/www.elementlogic.net\/no\/\",\"name\":\"Element Logic Norway\",\"description\":\"\",\"alternateName\":\"Element Logic\",\"potentialAction\":[{\"@type\":\"SearchAction\",\"target\":{\"@type\":\"EntryPoint\",\"urlTemplate\":\"https:\/\/www.elementlogic.net\/no\/?s={search_term_string}\"},\"query-input\":{\"@type\":\"PropertyValueSpecification\",\"valueRequired\":true,\"valueName\":\"search_term_string\"}}],\"inLanguage\":\"nb-NO\"},{\"@type\":\"Person\",\"@id\":\"https:\/\/www.elementlogic.net\/no\/#\/schema\/person\/5354160ea5e49f2e500294bd524e03e4\",\"name\":\"anette\",\"image\":{\"@type\":\"ImageObject\",\"inLanguage\":\"nb-NO\",\"@id\":\"https:\/\/www.elementlogic.net\/no\/#\/schema\/person\/image\/\",\"url\":\"https:\/\/secure.gravatar.com\/avatar\/4c8d49ab8f9e054e2484f472c86d0dff?s=96&d=mm&r=g\",\"contentUrl\":\"https:\/\/secure.gravatar.com\/avatar\/4c8d49ab8f9e054e2484f472c86d0dff?s=96&d=mm&r=g\",\"caption\":\"anette\"},\"url\":\"https:\/\/www.elementlogic.net\/no\/aktuelt\/author\/anette\/\"}]}<\/script>\n<!-- \/ Yoast SEO Premium plugin. -->","yoast_head_json":{"title":"Ny konsernsjef i Element Logic | Aktuelt | Element Logic","description":"Ankush Malhotra er ny konsernsjef. Han overtar etter Dag-Adler Blakseth, som var med p\u00e5 \u00e5 grunnlegge selskapet for nesten 40 \u00e5r siden.","robots":{"index":"index","follow":"follow","max-snippet":"max-snippet:-1","max-image-preview":"max-image-preview:large","max-video-preview":"max-video-preview:-1"},"canonical":"https:\/\/www.elementlogic.net\/no\/aktuelt\/element-logic-onsker-ankush-malhotra-velkommen-som-ny-konsernsjef\/","og_locale":"nb_NO","og_type":"article","og_title":"Element Logic \u00f8nsker Ankush Malhotra velkommen som ny konsernsjef","og_description":"Ankush Malhotra er ny konsernsjef. Han overtar etter Dag-Adler Blakseth, som var med p\u00e5 \u00e5 grunnlegge selskapet for nesten 40 \u00e5r siden.","og_url":"https:\/\/www.elementlogic.net\/no\/aktuelt\/element-logic-onsker-ankush-malhotra-velkommen-som-ny-konsernsjef\/","og_site_name":"Element Logic Norway","article_published_time":"2024-08-27T07:00:00+00:00","article_modified_time":"2025-03-07T10:07:10+00:00","og_image":[{"width":8192,"height":5464,"url":"https:\/\/www.elementlogic.net\/content\/uploads\/sites\/10\/\/2024\/09\/EL_GMB_Krish_MGL2229-kopi.jpeg","type":"image\/jpeg"}],"author":"anette","twitter_card":"summary_large_image","twitter_misc":{"Skrevet av":"anette","Ansl. lesetid":"2 minutter"},"schema":{"@context":"https:\/\/schema.org","@graph":[{"@type":"WebPage","@id":"https:\/\/www.elementlogic.net\/no\/aktuelt\/element-logic-onsker-ankush-malhotra-velkommen-som-ny-konsernsjef\/","url":"https:\/\/www.elementlogic.net\/no\/aktuelt\/element-logic-onsker-ankush-malhotra-velkommen-som-ny-konsernsjef\/","name":"Ny konsernsjef i Element Logic | Aktuelt | Element Logic","isPartOf":{"@id":"https:\/\/www.elementlogic.net\/no\/#website"},"primaryImageOfPage":{"@id":"https:\/\/www.elementlogic.net\/no\/aktuelt\/element-logic-onsker-ankush-malhotra-velkommen-som-ny-konsernsjef\/#primaryimage"},"image":{"@id":"https:\/\/www.elementlogic.net\/no\/aktuelt\/element-logic-onsker-ankush-malhotra-velkommen-som-ny-konsernsjef\/#primaryimage"},"thumbnailUrl":"https:\/\/www.elementlogic.net\/content\/uploads\/sites\/10\/\/2024\/09\/EL_GMB_Krish_MGL2229-kopi.jpeg","datePublished":"2024-08-27T07:00:00+00:00","dateModified":"2025-03-07T10:07:10+00:00","author":{"@id":"https:\/\/www.elementlogic.net\/no\/#\/schema\/person\/5354160ea5e49f2e500294bd524e03e4"},"description":"Ankush Malhotra er ny konsernsjef. Han overtar etter Dag-Adler Blakseth, som var med p\u00e5 \u00e5 grunnlegge selskapet for nesten 40 \u00e5r siden.","inLanguage":"nb-NO","potentialAction":[{"@type":"ReadAction","target":["https:\/\/www.elementlogic.net\/no\/aktuelt\/element-logic-onsker-ankush-malhotra-velkommen-som-ny-konsernsjef\/"]}]},{"@type":"ImageObject","inLanguage":"nb-NO","@id":"https:\/\/www.elementlogic.net\/no\/aktuelt\/element-logic-onsker-ankush-malhotra-velkommen-som-ny-konsernsjef\/#primaryimage","url":"https:\/\/www.elementlogic.net\/content\/uploads\/sites\/10\/\/2024\/09\/EL_GMB_Krish_MGL2229-kopi.jpeg","contentUrl":"https:\/\/www.elementlogic.net\/content\/uploads\/sites\/10\/\/2024\/09\/EL_GMB_Krish_MGL2229-kopi.jpeg","width":8192,"height":5464},{"@type":"WebSite","@id":"https:\/\/www.elementlogic.net\/no\/#website","url":"https:\/\/www.elementlogic.net\/no\/","name":"Element Logic Norway","description":"","alternateName":"Element Logic","potentialAction":[{"@type":"SearchAction","target":{"@type":"EntryPoint","urlTemplate":"https:\/\/www.elementlogic.net\/no\/?s={search_term_string}"},"query-input":{"@type":"PropertyValueSpecification","valueRequired":true,"valueName":"search_term_string"}}],"inLanguage":"nb-NO"},{"@type":"Person","@id":"https:\/\/www.elementlogic.net\/no\/#\/schema\/person\/5354160ea5e49f2e500294bd524e03e4","name":"anette","image":{"@type":"ImageObject","inLanguage":"nb-NO","@id":"https:\/\/www.elementlogic.net\/no\/#\/schema\/person\/image\/","url":"https:\/\/secure.gravatar.com\/avatar\/4c8d49ab8f9e054e2484f472c86d0dff?s=96&d=mm&r=g","contentUrl":"https:\/\/secure.gravatar.com\/avatar\/4c8d49ab8f9e054e2484f472c86d0dff?s=96&d=mm&r=g","caption":"anette"},"url":"https:\/\/www.elementlogic.net\/no\/aktuelt\/author\/anette\/"}]}},"_links":{"self":[{"href":"https:\/\/www.elementlogic.net\/no\/wp-json\/wp\/v2\/posts\/355"}],"collection":[{"href":"https:\/\/www.elementlogic.net\/no\/wp-json\/wp\/v2\/posts"}],"about":[{"href":"https:\/\/www.elementlogic.net\/no\/wp-json\/wp\/v2\/types\/post"}],"author":[{"embeddable":true,"href":"https:\/\/www.elementlogic.net\/no\/wp-json\/wp\/v2\/users\/3"}],"replies":[{"embeddable":true,"href":"https:\/\/www.elementlogic.net\/no\/wp-json\/wp\/v2\/comments?post=355"}],"version-history":[{"count":5,"href":"https:\/\/www.elementlogic.net\/no\/wp-json\/wp\/v2\/posts\/355\/revisions"}],"predecessor-version":[{"id":2371,"href":"https:\/\/www.elementlogic.net\/no\/wp-json\/wp\/v2\/posts\/355\/revisions\/2371"}],"wp:featuredmedia":[{"embeddable":true,"href":"https:\/\/www.elementlogic.net\/no\/wp-json\/wp\/v2\/media\/110"}],"wp:attachment":[{"href":"https:\/\/www.elementlogic.net\/no\/wp-json\/wp\/v2\/media?parent=355"}],"wp:term":[{"taxonomy":"category","embeddable":true,"href":"https:\/\/www.elementlogic.net\/no\/wp-json\/wp\/v2\/categories?post=355"},{"taxonomy":"post_tag","embeddable":true,"href":"https:\/\/www.elementlogic.net\/no\/wp-json\/wp\/v2\/tags?post=355"}],"curies":[{"name":"wp","href":"https:\/\/api.w.org\/{rel}","templated":true}]}}